{"id":367227,"date":"2020-11-09T08:11:53","date_gmt":"2020-11-09T16:11:53","guid":{"rendered":"http:\/\/staging.tcpcharms.com\/bjpenn\/?p=367227"},"modified":"2020-11-09T08:11:53","modified_gmt":"2020-11-09T16:11:53","slug":"thiago-santos-vouches-for-glover-teixeira-title-shot-in-classy-post-fight-statement","status":"publish","type":"post","link":"https:\/\/staging.tcpcharms.com\/bjpenn\/mma-news\/ufc\/thiago-santos-vouches-for-glover-teixeira-title-shot-in-classy-post-fight-statement\/","title":{"rendered":"Thiago Santos vouches for Glover Teixeira title shot in classy post-fight statement"},"content":{"rendered":"<p>UFC light heavyweight contender Thiago Santos has some kind words for his fellow Brazilian Glover Teixeira after their UFC Vegas 13 fight.<\/p>\n<p>Santos and Teixeira collided in the main event of the card, which went down last Saturday inside the UFC APEX facility. While Santos entered this fight as a sizeable betting favourite, he ultimately came up short, succumbing to a submission in the third round.<\/p>\n<p>This was of course not the outcome Santos wanted, but the knockout artist has been the picture of class <a href=\"http:\/\/staging.tcpcharms.com\/bjpenn\/mma-news\/ufc\/thiago-santos-releases-statement-after-submission-loss-to-glover-teixeira-im-so-disappointed\/\">in defeat<\/a>.<\/p>\n<p>Speaking in Monday morning Instagram post, Santos took the opportunity to praise Teixeira for his performance in their fight. He also shared his belief that his rival has earned a crack at UFC light heavyweight champion Jan Blachowicz.<\/p>\n<blockquote class=\"instagram-media\" style=\"background: #FFF; border: 0; border-radius: 3px; box-shadow: 0 0 1px 0 rgba(0,0,0,0.5),0 1px 10px 0 rgba(0,0,0,0.15); margin: 1px; max-width: 540px; min-width: 326px; padding: 0; width: calc(100% - 2px);\" data-instgrm-captioned=\"\" data-instgrm-permalink=\"https:\/\/www.instagram.com\/p\/CHXxiYGp1jv\/?utm_source=ig_embed&amp;utm_campaign=loading\" data-instgrm-version=\"13\">\n<div style=\"padding: 16px;\">\n<p>&nbsp;<\/p>\n<div style=\"display: flex; flex-direction: row; align-items: center;\">\n<div style=\"background-color: #f4f4f4; border-radius: 50%; flex-grow: 0; height: 40px; margin-right: 14px; width: 40px;\"><\/div>\n<div style=\"display: flex; flex-direction: column; flex-grow: 1; justify-content: center;\">\n<div style=\"background-color: #f4f4f4; border-radius: 4px; flex-grow: 0; height: 14px; margin-bottom: 6px; width: 100px;\"><\/div>\n<div style=\"background-color: #f4f4f4; border-radius: 4px; flex-grow: 0; height: 14px; width: 60px;\"><\/div>\n<\/div>\n<\/div>\n<div style=\"padding: 19% 0;\"><\/div>\n<div style=\"display: block; height: 50px; margin: 0 auto 12px; width: 50px;\"><\/div>\n<div style=\"padding-top: 8px;\">\n<div style=\"color: #3897f0; font-family: Arial,sans-serif; font-size: 14px; font-style: normal; font-weight: 550; line-height: 18px;\">View this post on Instagram<\/div>\n<\/div>\n<div style=\"padding: 12.5% 0;\"><\/div>\n<div style=\"display: flex; flex-direction: row; margin-bottom: 14px; align-items: center;\">\n<div>\n<div style=\"background-color: #f4f4f4; border-radius: 50%; height: 12.5px; width: 12.5px; transform: translateX(0px) translateY(7px);\"><\/div>\n<div style=\"background-color: #f4f4f4; height: 12.5px; transform: rotate(-45deg) translateX(3px) translateY(1px); width: 12.5px; flex-grow: 0; margin-right: 14px; margin-left: 2px;\"><\/div>\n<div style=\"background-color: #f4f4f4; border-radius: 50%; height: 12.5px; width: 12.5px; transform: translateX(9px) translateY(-18px);\"><\/div>\n<\/div>\n<div style=\"margin-left: 8px;\">\n<div style=\"background-color: #f4f4f4; border-radius: 50%; flex-grow: 0; height: 20px; width: 20px;\"><\/div>\n<div style=\"width: 0; height: 0; border-top: 2px solid transparent; border-left: 6px solid #f4f4f4; border-bottom: 2px solid transparent; transform: translateX(16px) translateY(-4px) rotate(30deg);\"><\/div>\n<\/div>\n<div style=\"margin-left: auto;\">\n<div style=\"width: 0px; border-top: 8px solid #F4F4F4; border-right: 8px solid transparent; transform: translateY(16px);\"><\/div>\n<div style=\"background-color: #f4f4f4; flex-grow: 0; height: 12px; width: 16px; transform: translateY(-4px);\"><\/div>\n<div style=\"width: 0; height: 0; border-top: 8px solid #F4F4F4; border-left: 8px solid transparent; transform: translateY(-4px) translateX(8px);\"><\/div>\n<\/div>\n<\/div>\n<p>&nbsp;<\/p>\n<p style=\"margin: 8px 0 0 0; padding: 0 4px;\"><a style=\"color: #000; font-family: Arial,sans-serif; font-size: 14px; font-style: normal; font-weight: normal; line-height: 17px; text-decoration: none; word-wrap: break-word;\" href=\"https:\/\/www.instagram.com\/p\/CHXxiYGp1jv\/?utm_source=ig_embed&amp;utm_campaign=loading\" target=\"_blank\" rel=\"noopener noreferrer\">I wanna say congratulations to my opponent @gloverteixeira ,he did what needed to do, he is a beast and so good guy, I learned a lot with that fight. I hop that @ufc give him the title shot, he deserve that. . &#x1f1e7;&#x1f1f7; Quero dar os parab\u00e9ns ao meu advers\u00e1rio, @gloverteixeira , ele fez o que precisava fazer, ele \u00e9 uma fera e um cara muito gente boa, aprendi muito com aquela luta. Espero que o @ufc_brasil d\u00ea a ele a chance pelo t\u00edtulo, ele merece.<\/a><\/p>\n<p style=\"color: #c9c8cd; font-family: Arial,sans-serif; font-size: 14px; line-height: 17px; margin-bottom: 0; margin-top: 8px; overflow: hidden; padding: 8px 0 7px; text-align: center; text-overflow: ellipsis; white-space: nowrap;\">A post shared by <a style=\"color: #c9c8cd; font-family: Arial,sans-serif; font-size: 14px; font-style: normal; font-weight: normal; line-height: 17px;\" href=\"https:\/\/www.instagram.com\/tmarretamma\/?utm_source=ig_embed&amp;utm_campaign=loading\" target=\"_blank\" rel=\"noopener noreferrer\"> Thiago &#8220;Marreta&#8221; Santos<\/a> (@tmarretamma) on <time style=\"font-family: Arial,sans-serif; font-size: 14px; line-height: 17px;\" datetime=\"2020-11-09T13:20:37+00:00\">Nov 9, 2020 at 5:20am PST<\/time><\/p>\n<\/div>\n<\/blockquote>\n<p><script async src=\"\/\/www.instagram.com\/embed.js\"><\/script><\/p>\n<p>&#8220;I wanna say congratulations to my opponent @gloverteixeira, he did what needed to do, he is a beast and so good guy, I learned a lot with that fight,&#8221; Santos wrote. &#8220;I hop that @ufc give him the title shot, he deserve that.&#8221;<\/p>\n<p>With his victory over Thiago Santos, Glover Teixeira is now on a five-fight win-streak in the perilous UFC light heavyweight division, having also recently defeated Karl Roberson, Ion Cutelaba, Nikita Krylov, and Anthony Smith. Do you think he deserves a title shot?<\/p>\n","protected":false},"excerpt":{"rendered":"<p>UFC light heavyweight contender Thiago Santos has some kind words for his fellow Brazilian Glover Teixeira after their UFC Vegas 13 fight. Santos and Teixeira collided in the main event of the card, which went down last Saturday inside the UFC APEX facility. While Santos entered this fight as a sizeable betting favourite, he ultimately [&hellip;]<\/p>\n","protected":false},"author":54430,"featured_media":367229,"comment_status":"open","ping_status":"closed","sticky":false,"template":"","format":"standard","meta":{"_mi_skip_tracking":false},"categories":[10288,36672,39610],"tags":[],"yoast_head":"<!-- This site is optimized with the Yoast SEO Premium plugin v19.7 (Yoast SEO v19.14) - https:\/\/yoast.com\/wordpress\/plugins\/seo\/ -->\n<title>Thiago Santos vouches for Glover Teixeira title shot in classy post-fight statement | BJPenn.com<\/title>\n<meta name=\"description\" content=\"UFC light heavyweight contender Thiago Santos has some kind words for his fellow Brazilian Glover Teixeira after their UFC Vegas 13 fight.\" \/>\n<meta name=\"robots\" content=\"index, follow, max-snippet:-1, max-image-preview:large, max-video-preview:-1\" \/>\n<link rel=\"canonical\" href=\"https:\/\/staging.tcpcharms.com\/bjpenn\/mma-news\/ufc\/thiago-santos-vouches-for-glover-teixeira-title-shot-in-classy-post-fight-statement\/\" \/>\n<meta property=\"og:locale\" content=\"en_US\" \/>\n<meta property=\"og:type\" content=\"article\" \/>\n<meta property=\"og:title\" content=\"Thiago Santos vouches for Glover Teixeira title shot in classy post-fight statement | BJPenn.com\" \/>\n<meta property=\"og:description\" content=\"UFC light heavyweight contender Thiago Santos has some kind words for his fellow Brazilian Glover Teixeira after their UFC Vegas 13 fight.\" \/>\n<meta property=\"og:url\" content=\"https:\/\/staging.tcpcharms.com\/bjpenn\/mma-news\/ufc\/thiago-santos-vouches-for-glover-teixeira-title-shot-in-classy-post-fight-statement\/\" \/>\n<meta property=\"og:site_name\" content=\"| BJPenn.com\" \/>\n<meta property=\"article:publisher\" content=\"https:\/\/www.facebook.com\/bjpenn\" \/>\n<meta property=\"article:published_time\" content=\"2020-11-09T16:11:53+00:00\" \/>\n<meta property=\"og:image\" content=\"https:\/\/staging.tcpcharms.com\/bjpenn\/wp-content\/uploads\/Thiago-Santos-Glover-Teixeira.png\" \/>\n\t<meta property=\"og:image:width\" content=\"696\" \/>\n\t<meta property=\"og:image:height\" content=\"399\" \/>\n\t<meta property=\"og:image:type\" content=\"image\/png\" \/>\n<meta name=\"author\" content=\"Tom Taylor\" \/>\n<meta name=\"twitter:card\" content=\"summary_large_image\" \/>\n<meta name=\"twitter:creator\" content=\"@bjpenndotcom\" \/>\n<meta name=\"twitter:site\" content=\"@bjpenndotcom\" \/>\n<meta name=\"twitter:label1\" content=\"Written by\" \/>\n\t<meta name=\"twitter:data1\" content=\"Tom Taylor\" \/>\n\t<meta name=\"twitter:label2\" content=\"Est. reading time\" \/>\n\t<meta name=\"twitter:data2\" content=\"2 minutes\" \/>\n<script type=\"application\/ld+json\" class=\"yoast-schema-graph\">{\"@context\":\"https:\/\/schema.org\",\"@graph\":[{\"@type\":\"Article\",\"@id\":\"https:\/\/staging.tcpcharms.com\/bjpenn\/mma-news\/ufc\/thiago-santos-vouches-for-glover-teixeira-title-shot-in-classy-post-fight-statement\/#article\",\"isPartOf\":{\"@id\":\"https:\/\/staging.tcpcharms.com\/bjpenn\/mma-news\/ufc\/thiago-santos-vouches-for-glover-teixeira-title-shot-in-classy-post-fight-statement\/\"},\"author\":{\"name\":\"Tom Taylor\",\"@id\":\"https:\/\/staging.tcpcharms.com\/bjpenn\/#\/schema\/person\/e1a3f1e5a045aeaf5b59aa1549a06a87\"},\"headline\":\"Thiago Santos vouches for Glover Teixeira title shot in classy post-fight statement\",\"datePublished\":\"2020-11-09T16:11:53+00:00\",\"dateModified\":\"2020-11-09T16:11:53+00:00\",\"mainEntityOfPage\":{\"@id\":\"https:\/\/staging.tcpcharms.com\/bjpenn\/mma-news\/ufc\/thiago-santos-vouches-for-glover-teixeira-title-shot-in-classy-post-fight-statement\/\"},\"wordCount\":333,\"commentCount\":0,\"publisher\":{\"@id\":\"https:\/\/staging.tcpcharms.com\/bjpenn\/#organization\"},\"articleSection\":[\"Glover Teixeira\",\"Thiago Santos\",\"UFC\"],\"inLanguage\":\"en-US\",\"potentialAction\":[{\"@type\":\"CommentAction\",\"name\":\"Comment\",\"target\":[\"https:\/\/staging.tcpcharms.com\/bjpenn\/mma-news\/ufc\/thiago-santos-vouches-for-glover-teixeira-title-shot-in-classy-post-fight-statement\/#respond\"]}],\"copyrightYear\":\"2020\",\"copyrightHolder\":{\"@id\":\"https:\/\/staging.tcpcharms.com\/bjpenn\/#organization\"}},{\"@type\":\"WebPage\",\"@id\":\"https:\/\/staging.tcpcharms.com\/bjpenn\/mma-news\/ufc\/thiago-santos-vouches-for-glover-teixeira-title-shot-in-classy-post-fight-statement\/\",\"url\":\"https:\/\/staging.tcpcharms.com\/bjpenn\/mma-news\/ufc\/thiago-santos-vouches-for-glover-teixeira-title-shot-in-classy-post-fight-statement\/\",\"name\":\"Thiago Santos vouches for Glover Teixeira title shot in classy post-fight statement | BJPenn.com\",\"isPartOf\":{\"@id\":\"https:\/\/staging.tcpcharms.com\/bjpenn\/#website\"},\"datePublished\":\"2020-11-09T16:11:53+00:00\",\"dateModified\":\"2020-11-09T16:11:53+00:00\",\"description\":\"UFC light heavyweight contender Thiago Santos has some kind words for his fellow Brazilian Glover Teixeira after their UFC Vegas 13 fight.\",\"breadcrumb\":{\"@id\":\"https:\/\/staging.tcpcharms.com\/bjpenn\/mma-news\/ufc\/thiago-santos-vouches-for-glover-teixeira-title-shot-in-classy-post-fight-statement\/#breadcrumb\"},\"inLanguage\":\"en-US\",\"potentialAction\":[{\"@type\":\"ReadAction\",\"target\":[\"https:\/\/staging.tcpcharms.com\/bjpenn\/mma-news\/ufc\/thiago-santos-vouches-for-glover-teixeira-title-shot-in-classy-post-fight-statement\/\"]}]},{\"@type\":\"BreadcrumbList\",\"@id\":\"https:\/\/staging.tcpcharms.com\/bjpenn\/mma-news\/ufc\/thiago-santos-vouches-for-glover-teixeira-title-shot-in-classy-post-fight-statement\/#breadcrumb\",\"itemListElement\":[{\"@type\":\"ListItem\",\"position\":1,\"name\":\"Home\",\"item\":\"https:\/\/staging.tcpcharms.com\/bjpenn\/\"},{\"@type\":\"ListItem\",\"position\":2,\"name\":\"MMA News\",\"item\":\"https:\/\/staging.tcpcharms.com\/bjpenn\/mma-news\/\"},{\"@type\":\"ListItem\",\"position\":3,\"name\":\"UFC\",\"item\":\"https:\/\/staging.tcpcharms.com\/bjpenn\/mma-news\/ufc\/\"},{\"@type\":\"ListItem\",\"position\":4,\"name\":\"Thiago Santos vouches for Glover Teixeira title shot in classy post-fight statement\"}]},{\"@type\":\"WebSite\",\"@id\":\"https:\/\/staging.tcpcharms.com\/bjpenn\/#website\",\"url\":\"https:\/\/staging.tcpcharms.com\/bjpenn\/\",\"name\":\"| BJPenn.com\",\"description\":\"MMA &amp; UFC News, Results &amp; Fight Videos\",\"publisher\":{\"@id\":\"https:\/\/staging.tcpcharms.com\/bjpenn\/#organization\"},\"potentialAction\":[{\"@type\":\"SearchAction\",\"target\":{\"@type\":\"EntryPoint\",\"urlTemplate\":\"https:\/\/staging.tcpcharms.com\/bjpenn\/?s={search_term_string}\"},\"query-input\":\"required name=search_term_string\"}],\"inLanguage\":\"en-US\"},{\"@type\":\"Organization\",\"@id\":\"https:\/\/staging.tcpcharms.com\/bjpenn\/#organization\",\"name\":\"| BJPenn.com\",\"url\":\"https:\/\/staging.tcpcharms.com\/bjpenn\/\",\"logo\":{\"@type\":\"ImageObject\",\"inLanguage\":\"en-US\",\"@id\":\"https:\/\/staging.tcpcharms.com\/bjpenn\/#\/schema\/logo\/image\/\",\"url\":\"http:\/\/staging.tcpcharms.com\/bjpenn\/wp-content\/uploads\/2022\/01\/bj_penn_logo_amp.png\",\"contentUrl\":\"http:\/\/staging.tcpcharms.com\/bjpenn\/wp-content\/uploads\/2022\/01\/bj_penn_logo_amp.png\",\"width\":600,\"height\":148,\"caption\":\"| BJPenn.com\"},\"image\":{\"@id\":\"https:\/\/staging.tcpcharms.com\/bjpenn\/#\/schema\/logo\/image\/\"},\"sameAs\":[\"https:\/\/instagram.com\/bjpenn\",\"https:\/\/www.linkedin.com\/in\/bjpenn\",\"https:\/\/www.pinterest.com\/bjpenndotcom\/\",\"https:\/\/www.youtube.com\/user\/0fficialbjpenn\",\"https:\/\/www.facebook.com\/bjpenn\",\"https:\/\/twitter.com\/bjpenndotcom\"]},{\"@type\":\"Person\",\"@id\":\"https:\/\/staging.tcpcharms.com\/bjpenn\/#\/schema\/person\/e1a3f1e5a045aeaf5b59aa1549a06a87\",\"name\":\"Tom Taylor\",\"description\":\"Tom Taylor is a globetrotting writer currently based in Ottawa, Canada. He is a staff writer for BJPenn.com, and also covers mixed martial arts for Fightland and Vice Sports. Follow him on Twitter @TomTayMMA.\",\"url\":\"https:\/\/staging.tcpcharms.com\/bjpenn\/author\/tom-taylor\/\"}]}<\/script>\n<!-- \/ Yoast SEO Premium plugin. -->","yoast_head_json":{"title":"Thiago Santos vouches for Glover Teixeira title shot in classy post-fight statement | BJPenn.com","description":"UFC light heavyweight contender Thiago Santos has some kind words for his fellow Brazilian Glover Teixeira after their UFC Vegas 13 fight.","robots":{"index":"index","follow":"follow","max-snippet":"max-snippet:-1","max-image-preview":"max-image-preview:large","max-video-preview":"max-video-preview:-1"},"canonical":"https:\/\/staging.tcpcharms.com\/bjpenn\/mma-news\/ufc\/thiago-santos-vouches-for-glover-teixeira-title-shot-in-classy-post-fight-statement\/","og_locale":"en_US","og_type":"article","og_title":"Thiago Santos vouches for Glover Teixeira title shot in classy post-fight statement | BJPenn.com","og_description":"UFC light heavyweight contender Thiago Santos has some kind words for his fellow Brazilian Glover Teixeira after their UFC Vegas 13 fight.","og_url":"https:\/\/staging.tcpcharms.com\/bjpenn\/mma-news\/ufc\/thiago-santos-vouches-for-glover-teixeira-title-shot-in-classy-post-fight-statement\/","og_site_name":"| BJPenn.com","article_publisher":"https:\/\/www.facebook.com\/bjpenn","article_published_time":"2020-11-09T16:11:53+00:00","og_image":[{"width":696,"height":399,"url":"https:\/\/staging.tcpcharms.com\/bjpenn\/wp-content\/uploads\/Thiago-Santos-Glover-Teixeira.png","type":"image\/png"}],"author":"Tom Taylor","twitter_card":"summary_large_image","twitter_creator":"@bjpenndotcom","twitter_site":"@bjpenndotcom","twitter_misc":{"Written by":"Tom Taylor","Est. reading time":"2 minutes"},"schema":{"@context":"https:\/\/schema.org","@graph":[{"@type":"Article","@id":"https:\/\/staging.tcpcharms.com\/bjpenn\/mma-news\/ufc\/thiago-santos-vouches-for-glover-teixeira-title-shot-in-classy-post-fight-statement\/#article","isPartOf":{"@id":"https:\/\/staging.tcpcharms.com\/bjpenn\/mma-news\/ufc\/thiago-santos-vouches-for-glover-teixeira-title-shot-in-classy-post-fight-statement\/"},"author":{"name":"Tom Taylor","@id":"https:\/\/staging.tcpcharms.com\/bjpenn\/#\/schema\/person\/e1a3f1e5a045aeaf5b59aa1549a06a87"},"headline":"Thiago Santos vouches for Glover Teixeira title shot in classy post-fight statement","datePublished":"2020-11-09T16:11:53+00:00","dateModified":"2020-11-09T16:11:53+00:00","mainEntityOfPage":{"@id":"https:\/\/staging.tcpcharms.com\/bjpenn\/mma-news\/ufc\/thiago-santos-vouches-for-glover-teixeira-title-shot-in-classy-post-fight-statement\/"},"wordCount":333,"commentCount":0,"publisher":{"@id":"https:\/\/staging.tcpcharms.com\/bjpenn\/#organization"},"articleSection":["Glover Teixeira","Thiago Santos","UFC"],"inLanguage":"en-US","potentialAction":[{"@type":"CommentAction","name":"Comment","target":["https:\/\/staging.tcpcharms.com\/bjpenn\/mma-news\/ufc\/thiago-santos-vouches-for-glover-teixeira-title-shot-in-classy-post-fight-statement\/#respond"]}],"copyrightYear":"2020","copyrightHolder":{"@id":"https:\/\/staging.tcpcharms.com\/bjpenn\/#organization"}},{"@type":"WebPage","@id":"https:\/\/staging.tcpcharms.com\/bjpenn\/mma-news\/ufc\/thiago-santos-vouches-for-glover-teixeira-title-shot-in-classy-post-fight-statement\/","url":"https:\/\/staging.tcpcharms.com\/bjpenn\/mma-news\/ufc\/thiago-santos-vouches-for-glover-teixeira-title-shot-in-classy-post-fight-statement\/","name":"Thiago Santos vouches for Glover Teixeira title shot in classy post-fight statement | BJPenn.com","isPartOf":{"@id":"https:\/\/staging.tcpcharms.com\/bjpenn\/#website"},"datePublished":"2020-11-09T16:11:53+00:00","dateModified":"2020-11-09T16:11:53+00:00","description":"UFC light heavyweight contender Thiago Santos has some kind words for his fellow Brazilian Glover Teixeira after their UFC Vegas 13 fight.","breadcrumb":{"@id":"https:\/\/staging.tcpcharms.com\/bjpenn\/mma-news\/ufc\/thiago-santos-vouches-for-glover-teixeira-title-shot-in-classy-post-fight-statement\/#breadcrumb"},"inLanguage":"en-US","potentialAction":[{"@type":"ReadAction","target":["https:\/\/staging.tcpcharms.com\/bjpenn\/mma-news\/ufc\/thiago-santos-vouches-for-glover-teixeira-title-shot-in-classy-post-fight-statement\/"]}]},{"@type":"BreadcrumbList","@id":"https:\/\/staging.tcpcharms.com\/bjpenn\/mma-news\/ufc\/thiago-santos-vouches-for-glover-teixeira-title-shot-in-classy-post-fight-statement\/#breadcrumb","itemListElement":[{"@type":"ListItem","position":1,"name":"Home","item":"https:\/\/staging.tcpcharms.com\/bjpenn\/"},{"@type":"ListItem","position":2,"name":"MMA News","item":"https:\/\/staging.tcpcharms.com\/bjpenn\/mma-news\/"},{"@type":"ListItem","position":3,"name":"UFC","item":"https:\/\/staging.tcpcharms.com\/bjpenn\/mma-news\/ufc\/"},{"@type":"ListItem","position":4,"name":"Thiago Santos vouches for Glover Teixeira title shot in classy post-fight statement"}]},{"@type":"WebSite","@id":"https:\/\/staging.tcpcharms.com\/bjpenn\/#website","url":"https:\/\/staging.tcpcharms.com\/bjpenn\/","name":"| BJPenn.com","description":"MMA &amp; UFC News, Results &amp; Fight Videos","publisher":{"@id":"https:\/\/staging.tcpcharms.com\/bjpenn\/#organization"},"potentialAction":[{"@type":"SearchAction","target":{"@type":"EntryPoint","urlTemplate":"https:\/\/staging.tcpcharms.com\/bjpenn\/?s={search_term_string}"},"query-input":"required name=search_term_string"}],"inLanguage":"en-US"},{"@type":"Organization","@id":"https:\/\/staging.tcpcharms.com\/bjpenn\/#organization","name":"| BJPenn.com","url":"https:\/\/staging.tcpcharms.com\/bjpenn\/","logo":{"@type":"ImageObject","inLanguage":"en-US","@id":"https:\/\/staging.tcpcharms.com\/bjpenn\/#\/schema\/logo\/image\/","url":"http:\/\/staging.tcpcharms.com\/bjpenn\/wp-content\/uploads\/2022\/01\/bj_penn_logo_amp.png","contentUrl":"http:\/\/staging.tcpcharms.com\/bjpenn\/wp-content\/uploads\/2022\/01\/bj_penn_logo_amp.png","width":600,"height":148,"caption":"| BJPenn.com"},"image":{"@id":"https:\/\/staging.tcpcharms.com\/bjpenn\/#\/schema\/logo\/image\/"},"sameAs":["https:\/\/instagram.com\/bjpenn","https:\/\/www.linkedin.com\/in\/bjpenn","https:\/\/www.pinterest.com\/bjpenndotcom\/","https:\/\/www.youtube.com\/user\/0fficialbjpenn","https:\/\/www.facebook.com\/bjpenn","https:\/\/twitter.com\/bjpenndotcom"]},{"@type":"Person","@id":"https:\/\/staging.tcpcharms.com\/bjpenn\/#\/schema\/person\/e1a3f1e5a045aeaf5b59aa1549a06a87","name":"Tom Taylor","description":"Tom Taylor is a globetrotting writer currently based in Ottawa, Canada. He is a staff writer for BJPenn.com, and also covers mixed martial arts for Fightland and Vice Sports. Follow him on Twitter @TomTayMMA.","url":"https:\/\/staging.tcpcharms.com\/bjpenn\/author\/tom-taylor\/"}]}},"amp_enabled":true,"_links":{"self":[{"href":"https:\/\/staging.tcpcharms.com\/bjpenn\/wp-json\/wp\/v2\/posts\/367227"}],"collection":[{"href":"https:\/\/staging.tcpcharms.com\/bjpenn\/wp-json\/wp\/v2\/posts"}],"about":[{"href":"https:\/\/staging.tcpcharms.com\/bjpenn\/wp-json\/wp\/v2\/types\/post"}],"author":[{"embeddable":true,"href":"https:\/\/staging.tcpcharms.com\/bjpenn\/wp-json\/wp\/v2\/users\/54430"}],"replies":[{"embeddable":true,"href":"https:\/\/staging.tcpcharms.com\/bjpenn\/wp-json\/wp\/v2\/comments?post=367227"}],"version-history":[{"count":0,"href":"https:\/\/staging.tcpcharms.com\/bjpenn\/wp-json\/wp\/v2\/posts\/367227\/revisions"}],"wp:featuredmedia":[{"embeddable":true,"href":"https:\/\/staging.tcpcharms.com\/bjpenn\/wp-json\/wp\/v2\/media\/367229"}],"wp:attachment":[{"href":"https:\/\/staging.tcpcharms.com\/bjpenn\/wp-json\/wp\/v2\/media?parent=367227"}],"wp:term":[{"taxonomy":"category","embeddable":true,"href":"https:\/\/staging.tcpcharms.com\/bjpenn\/wp-json\/wp\/v2\/categories?post=367227"},{"taxonomy":"post_tag","embeddable":true,"href":"https:\/\/staging.tcpcharms.com\/bjpenn\/wp-json\/wp\/v2\/tags?post=367227"}],"curies":[{"name":"wp","href":"https:\/\/api.w.org\/{rel}","templated":true}]}}