{"id":270663,"date":"2018-02-21T07:25:00","date_gmt":"2018-02-21T15:25:00","guid":{"rendered":"http:\/\/staging.tcpcharms.com\/bjpenn\/?p=270663"},"modified":"2018-02-21T07:25:00","modified_gmt":"2018-02-21T15:25:00","slug":"welterweight-veteran-thiago-alves-promises-best-yet-come-tough-ko-loss","status":"publish","type":"post","link":"https:\/\/staging.tcpcharms.com\/bjpenn\/mma-news\/thiago-alves\/welterweight-veteran-thiago-alves-promises-best-yet-come-tough-ko-loss\/","title":{"rendered":"Welterweight veteran Thiago Alves promises his &#8220;best is yet to come&#8221; after tough KO loss"},"content":{"rendered":"<p>Last Sunday, on the undercard of the UFC&#8217;s exciting stop in Austin, Texas, former UFC welterweight title challenger Thiago Alves returned to the cage for the first time since April of 2017. Regrettably, this return to action went disastrously, as he was <a href=\"http:\/\/staging.tcpcharms.com\/bjpenn\/mma-news\/ufc-fight-night-austin\/ufc-fight-night-austin-results-thiago-alves-vs-curtis-millender\/\">knocked out by his debuting opponent Curtis Millender<\/a> in the second round.<\/p>\n<p>Despite this tough loss, Alves seems to be in good spirits. On Tuesday, the Brazilian veteran took to Instagram to issue a statement on this defeat, in which he assured his fans that the best is yet to come.<\/p>\n<p>See his statement below:<\/p>\n<blockquote class=\"instagram-media\" data-instgrm-captioned=\"\" data-instgrm-permalink=\"https:\/\/www.instagram.com\/p\/BfbMRxyFIbg\/\" data-instgrm-version=\"8\" style=\"background: #FFF; border: 0; border-radius: 3px; box-shadow: 0 0 1px 0 rgba(0,0,0,0.5),0 1px 10px 0 rgba(0,0,0,0.15); margin: 1px; max-width: 658px; padding: 0; width: calc(100% - 2px);\">\n<div style=\"padding: 8px;\">\n<div style=\"background: #F8F8F8; line-height: 0; margin-top: 40px; padding: 50.0% 0; text-align: center; width: 100%;\">\n<div style=\"background: url(data:image\/png; base64,ivborw0kggoaaaansuheugaaacwaaaascamaaaapwqozaaaabgdbtueaalgpc\/xhbqaaaafzukdcak7ohokaaaamuexurczmzpf399fx1+bm5mzy9amaaadisurbvdjlvzxbesmgces5\/p8\/t9furvcrmu73jwlzosgsiizurcjo\/ad+eqjjb4hv8bft+idpqocx1wjosbfhh2xssxeiyn3uli\/6mnree07uiwjev8ueowds88ly97kqytlijkktuybbruayvh5wohixmpi5we58ek028czwyuqdlkpg1bkb4nnm+veanfhqn1k4+gpt6ugqcvu2h2ovuif\/gwufyy8owepdyzsa3avcqpvovvzzz2vtnn2wu8qzvjddeto90gsy9mvlqtgysy231mxry6i2ggqjrty0l8fxcxfcbbhwrsyyaaaaaelftksuqmcc); display: block; height: 44px; margin: 0 auto -44px; position: relative; top: -22px; width: 44px;\"><\/div>\n<\/div>\n<p style=\"margin: 8px 0 0 0; padding: 0 4px;\"><a href=\"https:\/\/www.instagram.com\/p\/BfbMRxyFIbg\/\" style=\"color: #000; font-family: Arial,sans-serif; font-size: 14px; font-style: normal; font-weight: normal; line-height: 17px; text-decoration: none; word-wrap: break-word;\" target=\"_blank\" rel=\"noopener\">Definitely not the outcome we worked for, but that\u2019s life and that\u2019s MMA. You gotta always push forward no matter what, and I know that will be the difference in the end. I gotta stay busy to get my fight rhythm back, so I don\u2019t have late starts anymore. Thank you for all the love and support! I hate losing more then I love winning. But I always learn more in defeat, and I will always comeback better and stronger! I am angry but fucking hungry for improvements. I know my best is yet to come, I feel it and I see it! No other way to move but forward, ALWAYS &#x1f44a;&#x1f3fd; Much Love Osss &#x1f1e7;&#x1f1f7;&#x1f1e7;&#x1f1f7; N\u00e3o foi o resultado que trabalhamos t\u00e3o forte para conquistar. Mais a vida \u00e9 assim e o MMA tamb\u00e9m. Independente do resultado sempre termos que correr atr\u00e1s dos nossos sonhos e jamais esmorecer, no final isso vai ser a diferen\u00e7a. Vou ajeitar os meu erros ficar mais ativo na categoria e voltar melhor que antes! Eu sei que o meu melhor estar por vim ainda. E eu vou correr atr\u00e1s dele! Obrigado a todos pelo o apoio, eu agrade\u00e7o a Deus todo dia por ter nascido com sangue Brasileiro que n\u00e3o me deixar desistir jamais! Vamos para frente, que a guerra s\u00f3 come\u00e7ou &#x1f44a;&#x1f3fd; Ossss<\/a><\/p>\n<p style=\"color: #c9c8cd; font-family: Arial,sans-serif; font-size: 14px; line-height: 17px; margin-bottom: 0; margin-top: 8px; overflow: hidden; padding: 8px 0 7px; text-align: center; text-overflow: ellipsis; white-space: nowrap;\">A post shared by <a href=\"https:\/\/www.instagram.com\/thiagoalvesatt\/\" style=\"color: #c9c8cd; font-family: Arial,sans-serif; font-size: 14px; font-style: normal; font-weight: normal; line-height: 17px;\" target=\"_blank\" rel=\"noopener\"> Thiago &#8216;Pitbull&#8217; Alves &#x1f1e7;&#x1f1f7;&#x1f1fa;&#x1f1f8;<\/a> (@thiagoalvesatt) on <time style=\"font-family: Arial,sans-serif; font-size: 14px; line-height: 17px;\" datetime=\"2018-02-20T16:16:15+00:00\">Feb 20, 2018 at 8:16am PST<\/time><\/p>\n<\/div>\n<\/blockquote>\n<p><script async defer src=\"\/\/www.instagram.com\/embed.js\"><\/script><br \/>\n&#8220;Definitely not the outcome we worked for, but that\u2019s life and that\u2019s MMA,&#8221; Alves said. &#8220;You gotta always push forward no matter what, and I know that will be the difference in the end. I gotta stay busy to get my fight rhythm back, so I don\u2019t have late starts anymore. Thank you for all the love and support! I hate losing more then I love winning. But I always learn more in defeat, and I will always comeback better and stronger! I am angry but fucking hungry for improvements. I know my best is yet to come, I feel it and I see it! No other way to move but forward, ALWAYS.&#8221;<\/p>\n<p>Alves&#8217; loss to Millender was preceded by an exciting win over retiring veteran Patrick Cote. This win, meanwhile, was preceded by back-to-back losses to Jim Miller and Carlos Condit.<\/p>\n<p>What do you think the future holds for Thiago Alves?<\/p>\n<p class=\"p1\"><i>This article first appeared on\u00a0<\/i><a href=\"http:\/\/staging.tcpcharms.com\/bjpenn\/\"><span class=\"s1\"><i>BJPenn.com<\/i><\/span><\/a><i>\u00a0on 2\/21\/2018.<\/i><\/p>\n","protected":false},"excerpt":{"rendered":"<p>Last Sunday, on the undercard of the UFC&#8217;s exciting stop in Austin, Texas, former UFC welterweight title challenger Thiago Alves returned to the cage for the first time since April of 2017. Regrettably, this return to action went disastrously, as he was knocked out by his debuting opponent Curtis Millender in the second round. Despite [&hellip;]<\/p>\n","protected":false},"author":54430,"featured_media":127947,"comment_status":"closed","ping_status":"closed","sticky":false,"template":"","format":"standard","meta":{"_mi_skip_tracking":false},"categories":[10320],"tags":[],"yoast_head":"<!-- This site is optimized with the Yoast SEO Premium plugin v19.7 (Yoast SEO v19.14) - https:\/\/yoast.com\/wordpress\/plugins\/seo\/ -->\n<title>Welterweight veteran Thiago Alves promises his &quot;best is yet to come&quot; after tough KO loss | BJPenn.com<\/title>\n<meta name=\"robots\" content=\"index, follow, max-snippet:-1, max-image-preview:large, max-video-preview:-1\" \/>\n<link rel=\"canonical\" href=\"https:\/\/staging.tcpcharms.com\/bjpenn\/mma-news\/thiago-alves\/welterweight-veteran-thiago-alves-promises-best-yet-come-tough-ko-loss\/\" \/>\n<meta property=\"og:locale\" content=\"en_US\" \/>\n<meta property=\"og:type\" content=\"article\" \/>\n<meta property=\"og:title\" content=\"Welterweight veteran Thiago Alves promises his &quot;best is yet to come&quot; after tough KO loss | BJPenn.com\" \/>\n<meta property=\"og:description\" content=\"Last Sunday, on the undercard of the UFC&#8217;s exciting stop in Austin, Texas, former UFC welterweight title challenger Thiago Alves returned to the cage for the first time since April of 2017. Regrettably, this return to action went disastrously, as he was knocked out by his debuting opponent Curtis Millender in the second round. Despite [&hellip;]\" \/>\n<meta property=\"og:url\" content=\"https:\/\/staging.tcpcharms.com\/bjpenn\/mma-news\/thiago-alves\/welterweight-veteran-thiago-alves-promises-best-yet-come-tough-ko-loss\/\" \/>\n<meta property=\"og:site_name\" content=\"| BJPenn.com\" \/>\n<meta property=\"article:publisher\" content=\"https:\/\/www.facebook.com\/bjpenn\" \/>\n<meta property=\"article:published_time\" content=\"2018-02-21T15:25:00+00:00\" \/>\n<meta property=\"og:image\" content=\"https:\/\/staging.tcpcharms.com\/bjpenn\/wp-content\/uploads\/2015\/01\/Thiago-Alves.png\" \/>\n\t<meta property=\"og:image:width\" content=\"730\" \/>\n\t<meta property=\"og:image:height\" content=\"380\" \/>\n\t<meta property=\"og:image:type\" content=\"image\/png\" \/>\n<meta name=\"author\" content=\"Tom Taylor\" \/>\n<meta name=\"twitter:card\" content=\"summary_large_image\" \/>\n<meta name=\"twitter:creator\" content=\"@bjpenndotcom\" \/>\n<meta name=\"twitter:site\" content=\"@bjpenndotcom\" \/>\n<meta name=\"twitter:label1\" content=\"Written by\" \/>\n\t<meta name=\"twitter:data1\" content=\"Tom Taylor\" \/>\n\t<meta name=\"twitter:label2\" content=\"Est. reading time\" \/>\n\t<meta name=\"twitter:data2\" content=\"3 minutes\" \/>\n<script type=\"application\/ld+json\" class=\"yoast-schema-graph\">{\"@context\":\"https:\/\/schema.org\",\"@graph\":[{\"@type\":\"Article\",\"@id\":\"https:\/\/staging.tcpcharms.com\/bjpenn\/mma-news\/thiago-alves\/welterweight-veteran-thiago-alves-promises-best-yet-come-tough-ko-loss\/#article\",\"isPartOf\":{\"@id\":\"https:\/\/staging.tcpcharms.com\/bjpenn\/mma-news\/thiago-alves\/welterweight-veteran-thiago-alves-promises-best-yet-come-tough-ko-loss\/\"},\"author\":{\"name\":\"Tom Taylor\",\"@id\":\"https:\/\/staging.tcpcharms.com\/bjpenn\/#\/schema\/person\/e1a3f1e5a045aeaf5b59aa1549a06a87\"},\"headline\":\"Welterweight veteran Thiago Alves promises his &#8220;best is yet to come&#8221; after tough KO loss\",\"datePublished\":\"2018-02-21T15:25:00+00:00\",\"dateModified\":\"2018-02-21T15:25:00+00:00\",\"mainEntityOfPage\":{\"@id\":\"https:\/\/staging.tcpcharms.com\/bjpenn\/mma-news\/thiago-alves\/welterweight-veteran-thiago-alves-promises-best-yet-come-tough-ko-loss\/\"},\"wordCount\":552,\"publisher\":{\"@id\":\"https:\/\/staging.tcpcharms.com\/bjpenn\/#organization\"},\"articleSection\":[\"Thiago Alves\"],\"inLanguage\":\"en-US\",\"copyrightYear\":\"2018\",\"copyrightHolder\":{\"@id\":\"https:\/\/staging.tcpcharms.com\/bjpenn\/#organization\"}},{\"@type\":\"WebPage\",\"@id\":\"https:\/\/staging.tcpcharms.com\/bjpenn\/mma-news\/thiago-alves\/welterweight-veteran-thiago-alves-promises-best-yet-come-tough-ko-loss\/\",\"url\":\"https:\/\/staging.tcpcharms.com\/bjpenn\/mma-news\/thiago-alves\/welterweight-veteran-thiago-alves-promises-best-yet-come-tough-ko-loss\/\",\"name\":\"Welterweight veteran Thiago Alves promises his \\\"best is yet to come\\\" after tough KO loss | BJPenn.com\",\"isPartOf\":{\"@id\":\"https:\/\/staging.tcpcharms.com\/bjpenn\/#website\"},\"datePublished\":\"2018-02-21T15:25:00+00:00\",\"dateModified\":\"2018-02-21T15:25:00+00:00\",\"breadcrumb\":{\"@id\":\"https:\/\/staging.tcpcharms.com\/bjpenn\/mma-news\/thiago-alves\/welterweight-veteran-thiago-alves-promises-best-yet-come-tough-ko-loss\/#breadcrumb\"},\"inLanguage\":\"en-US\",\"potentialAction\":[{\"@type\":\"ReadAction\",\"target\":[\"https:\/\/staging.tcpcharms.com\/bjpenn\/mma-news\/thiago-alves\/welterweight-veteran-thiago-alves-promises-best-yet-come-tough-ko-loss\/\"]}]},{\"@type\":\"BreadcrumbList\",\"@id\":\"https:\/\/staging.tcpcharms.com\/bjpenn\/mma-news\/thiago-alves\/welterweight-veteran-thiago-alves-promises-best-yet-come-tough-ko-loss\/#breadcrumb\",\"itemListElement\":[{\"@type\":\"ListItem\",\"position\":1,\"name\":\"Home\",\"item\":\"https:\/\/staging.tcpcharms.com\/bjpenn\/\"},{\"@type\":\"ListItem\",\"position\":2,\"name\":\"MMA News\",\"item\":\"https:\/\/staging.tcpcharms.com\/bjpenn\/mma-news\/\"},{\"@type\":\"ListItem\",\"position\":3,\"name\":\"Thiago Alves\",\"item\":\"https:\/\/staging.tcpcharms.com\/bjpenn\/mma-news\/thiago-alves\/\"},{\"@type\":\"ListItem\",\"position\":4,\"name\":\"Welterweight veteran Thiago Alves promises his &#8220;best is yet to come&#8221; after tough KO loss\"}]},{\"@type\":\"WebSite\",\"@id\":\"https:\/\/staging.tcpcharms.com\/bjpenn\/#website\",\"url\":\"https:\/\/staging.tcpcharms.com\/bjpenn\/\",\"name\":\"| BJPenn.com\",\"description\":\"MMA &amp; UFC News, Results &amp; Fight Videos\",\"publisher\":{\"@id\":\"https:\/\/staging.tcpcharms.com\/bjpenn\/#organization\"},\"potentialAction\":[{\"@type\":\"SearchAction\",\"target\":{\"@type\":\"EntryPoint\",\"urlTemplate\":\"https:\/\/staging.tcpcharms.com\/bjpenn\/?s={search_term_string}\"},\"query-input\":\"required name=search_term_string\"}],\"inLanguage\":\"en-US\"},{\"@type\":\"Organization\",\"@id\":\"https:\/\/staging.tcpcharms.com\/bjpenn\/#organization\",\"name\":\"| BJPenn.com\",\"url\":\"https:\/\/staging.tcpcharms.com\/bjpenn\/\",\"logo\":{\"@type\":\"ImageObject\",\"inLanguage\":\"en-US\",\"@id\":\"https:\/\/staging.tcpcharms.com\/bjpenn\/#\/schema\/logo\/image\/\",\"url\":\"http:\/\/staging.tcpcharms.com\/bjpenn\/wp-content\/uploads\/2022\/01\/bj_penn_logo_amp.png\",\"contentUrl\":\"http:\/\/staging.tcpcharms.com\/bjpenn\/wp-content\/uploads\/2022\/01\/bj_penn_logo_amp.png\",\"width\":600,\"height\":148,\"caption\":\"| BJPenn.com\"},\"image\":{\"@id\":\"https:\/\/staging.tcpcharms.com\/bjpenn\/#\/schema\/logo\/image\/\"},\"sameAs\":[\"https:\/\/instagram.com\/bjpenn\",\"https:\/\/www.linkedin.com\/in\/bjpenn\",\"https:\/\/www.pinterest.com\/bjpenndotcom\/\",\"https:\/\/www.youtube.com\/user\/0fficialbjpenn\",\"https:\/\/www.facebook.com\/bjpenn\",\"https:\/\/twitter.com\/bjpenndotcom\"]},{\"@type\":\"Person\",\"@id\":\"https:\/\/staging.tcpcharms.com\/bjpenn\/#\/schema\/person\/e1a3f1e5a045aeaf5b59aa1549a06a87\",\"name\":\"Tom Taylor\",\"description\":\"Tom Taylor is a globetrotting writer currently based in Ottawa, Canada. He is a staff writer for BJPenn.com, and also covers mixed martial arts for Fightland and Vice Sports. Follow him on Twitter @TomTayMMA.\",\"url\":\"https:\/\/staging.tcpcharms.com\/bjpenn\/author\/tom-taylor\/\"}]}<\/script>\n<!-- \/ Yoast SEO Premium plugin. -->","yoast_head_json":{"title":"Welterweight veteran Thiago Alves promises his \"best is yet to come\" after tough KO loss | BJPenn.com","robots":{"index":"index","follow":"follow","max-snippet":"max-snippet:-1","max-image-preview":"max-image-preview:large","max-video-preview":"max-video-preview:-1"},"canonical":"https:\/\/staging.tcpcharms.com\/bjpenn\/mma-news\/thiago-alves\/welterweight-veteran-thiago-alves-promises-best-yet-come-tough-ko-loss\/","og_locale":"en_US","og_type":"article","og_title":"Welterweight veteran Thiago Alves promises his \"best is yet to come\" after tough KO loss | BJPenn.com","og_description":"Last Sunday, on the undercard of the UFC&#8217;s exciting stop in Austin, Texas, former UFC welterweight title challenger Thiago Alves returned to the cage for the first time since April of 2017. Regrettably, this return to action went disastrously, as he was knocked out by his debuting opponent Curtis Millender in the second round. Despite [&hellip;]","og_url":"https:\/\/staging.tcpcharms.com\/bjpenn\/mma-news\/thiago-alves\/welterweight-veteran-thiago-alves-promises-best-yet-come-tough-ko-loss\/","og_site_name":"| BJPenn.com","article_publisher":"https:\/\/www.facebook.com\/bjpenn","article_published_time":"2018-02-21T15:25:00+00:00","og_image":[{"width":730,"height":380,"url":"https:\/\/staging.tcpcharms.com\/bjpenn\/wp-content\/uploads\/2015\/01\/Thiago-Alves.png","type":"image\/png"}],"author":"Tom Taylor","twitter_card":"summary_large_image","twitter_creator":"@bjpenndotcom","twitter_site":"@bjpenndotcom","twitter_misc":{"Written by":"Tom Taylor","Est. reading time":"3 minutes"},"schema":{"@context":"https:\/\/schema.org","@graph":[{"@type":"Article","@id":"https:\/\/staging.tcpcharms.com\/bjpenn\/mma-news\/thiago-alves\/welterweight-veteran-thiago-alves-promises-best-yet-come-tough-ko-loss\/#article","isPartOf":{"@id":"https:\/\/staging.tcpcharms.com\/bjpenn\/mma-news\/thiago-alves\/welterweight-veteran-thiago-alves-promises-best-yet-come-tough-ko-loss\/"},"author":{"name":"Tom Taylor","@id":"https:\/\/staging.tcpcharms.com\/bjpenn\/#\/schema\/person\/e1a3f1e5a045aeaf5b59aa1549a06a87"},"headline":"Welterweight veteran Thiago Alves promises his &#8220;best is yet to come&#8221; after tough KO loss","datePublished":"2018-02-21T15:25:00+00:00","dateModified":"2018-02-21T15:25:00+00:00","mainEntityOfPage":{"@id":"https:\/\/staging.tcpcharms.com\/bjpenn\/mma-news\/thiago-alves\/welterweight-veteran-thiago-alves-promises-best-yet-come-tough-ko-loss\/"},"wordCount":552,"publisher":{"@id":"https:\/\/staging.tcpcharms.com\/bjpenn\/#organization"},"articleSection":["Thiago Alves"],"inLanguage":"en-US","copyrightYear":"2018","copyrightHolder":{"@id":"https:\/\/staging.tcpcharms.com\/bjpenn\/#organization"}},{"@type":"WebPage","@id":"https:\/\/staging.tcpcharms.com\/bjpenn\/mma-news\/thiago-alves\/welterweight-veteran-thiago-alves-promises-best-yet-come-tough-ko-loss\/","url":"https:\/\/staging.tcpcharms.com\/bjpenn\/mma-news\/thiago-alves\/welterweight-veteran-thiago-alves-promises-best-yet-come-tough-ko-loss\/","name":"Welterweight veteran Thiago Alves promises his \"best is yet to come\" after tough KO loss | BJPenn.com","isPartOf":{"@id":"https:\/\/staging.tcpcharms.com\/bjpenn\/#website"},"datePublished":"2018-02-21T15:25:00+00:00","dateModified":"2018-02-21T15:25:00+00:00","breadcrumb":{"@id":"https:\/\/staging.tcpcharms.com\/bjpenn\/mma-news\/thiago-alves\/welterweight-veteran-thiago-alves-promises-best-yet-come-tough-ko-loss\/#breadcrumb"},"inLanguage":"en-US","potentialAction":[{"@type":"ReadAction","target":["https:\/\/staging.tcpcharms.com\/bjpenn\/mma-news\/thiago-alves\/welterweight-veteran-thiago-alves-promises-best-yet-come-tough-ko-loss\/"]}]},{"@type":"BreadcrumbList","@id":"https:\/\/staging.tcpcharms.com\/bjpenn\/mma-news\/thiago-alves\/welterweight-veteran-thiago-alves-promises-best-yet-come-tough-ko-loss\/#breadcrumb","itemListElement":[{"@type":"ListItem","position":1,"name":"Home","item":"https:\/\/staging.tcpcharms.com\/bjpenn\/"},{"@type":"ListItem","position":2,"name":"MMA News","item":"https:\/\/staging.tcpcharms.com\/bjpenn\/mma-news\/"},{"@type":"ListItem","position":3,"name":"Thiago Alves","item":"https:\/\/staging.tcpcharms.com\/bjpenn\/mma-news\/thiago-alves\/"},{"@type":"ListItem","position":4,"name":"Welterweight veteran Thiago Alves promises his &#8220;best is yet to come&#8221; after tough KO loss"}]},{"@type":"WebSite","@id":"https:\/\/staging.tcpcharms.com\/bjpenn\/#website","url":"https:\/\/staging.tcpcharms.com\/bjpenn\/","name":"| BJPenn.com","description":"MMA &amp; UFC News, Results &amp; Fight Videos","publisher":{"@id":"https:\/\/staging.tcpcharms.com\/bjpenn\/#organization"},"potentialAction":[{"@type":"SearchAction","target":{"@type":"EntryPoint","urlTemplate":"https:\/\/staging.tcpcharms.com\/bjpenn\/?s={search_term_string}"},"query-input":"required name=search_term_string"}],"inLanguage":"en-US"},{"@type":"Organization","@id":"https:\/\/staging.tcpcharms.com\/bjpenn\/#organization","name":"| BJPenn.com","url":"https:\/\/staging.tcpcharms.com\/bjpenn\/","logo":{"@type":"ImageObject","inLanguage":"en-US","@id":"https:\/\/staging.tcpcharms.com\/bjpenn\/#\/schema\/logo\/image\/","url":"http:\/\/staging.tcpcharms.com\/bjpenn\/wp-content\/uploads\/2022\/01\/bj_penn_logo_amp.png","contentUrl":"http:\/\/staging.tcpcharms.com\/bjpenn\/wp-content\/uploads\/2022\/01\/bj_penn_logo_amp.png","width":600,"height":148,"caption":"| BJPenn.com"},"image":{"@id":"https:\/\/staging.tcpcharms.com\/bjpenn\/#\/schema\/logo\/image\/"},"sameAs":["https:\/\/instagram.com\/bjpenn","https:\/\/www.linkedin.com\/in\/bjpenn","https:\/\/www.pinterest.com\/bjpenndotcom\/","https:\/\/www.youtube.com\/user\/0fficialbjpenn","https:\/\/www.facebook.com\/bjpenn","https:\/\/twitter.com\/bjpenndotcom"]},{"@type":"Person","@id":"https:\/\/staging.tcpcharms.com\/bjpenn\/#\/schema\/person\/e1a3f1e5a045aeaf5b59aa1549a06a87","name":"Tom Taylor","description":"Tom Taylor is a globetrotting writer currently based in Ottawa, Canada. He is a staff writer for BJPenn.com, and also covers mixed martial arts for Fightland and Vice Sports. Follow him on Twitter @TomTayMMA.","url":"https:\/\/staging.tcpcharms.com\/bjpenn\/author\/tom-taylor\/"}]}},"amp_enabled":true,"_links":{"self":[{"href":"https:\/\/staging.tcpcharms.com\/bjpenn\/wp-json\/wp\/v2\/posts\/270663"}],"collection":[{"href":"https:\/\/staging.tcpcharms.com\/bjpenn\/wp-json\/wp\/v2\/posts"}],"about":[{"href":"https:\/\/staging.tcpcharms.com\/bjpenn\/wp-json\/wp\/v2\/types\/post"}],"author":[{"embeddable":true,"href":"https:\/\/staging.tcpcharms.com\/bjpenn\/wp-json\/wp\/v2\/users\/54430"}],"replies":[{"embeddable":true,"href":"https:\/\/staging.tcpcharms.com\/bjpenn\/wp-json\/wp\/v2\/comments?post=270663"}],"version-history":[{"count":0,"href":"https:\/\/staging.tcpcharms.com\/bjpenn\/wp-json\/wp\/v2\/posts\/270663\/revisions"}],"wp:featuredmedia":[{"embeddable":true,"href":"https:\/\/staging.tcpcharms.com\/bjpenn\/wp-json\/wp\/v2\/media\/127947"}],"wp:attachment":[{"href":"https:\/\/staging.tcpcharms.com\/bjpenn\/wp-json\/wp\/v2\/media?parent=270663"}],"wp:term":[{"taxonomy":"category","embeddable":true,"href":"https:\/\/staging.tcpcharms.com\/bjpenn\/wp-json\/wp\/v2\/categories?post=270663"},{"taxonomy":"post_tag","embeddable":true,"href":"https:\/\/staging.tcpcharms.com\/bjpenn\/wp-json\/wp\/v2\/tags?post=270663"}],"curies":[{"name":"wp","href":"https:\/\/api.w.org\/{rel}","templated":true}]}}