{"id":269449,"date":"2018-02-05T06:57:36","date_gmt":"2018-02-05T14:57:36","guid":{"rendered":"http:\/\/staging.tcpcharms.com\/bjpenn\/?p=269449"},"modified":"2018-02-05T06:57:36","modified_gmt":"2018-02-05T14:57:36","slug":"priscila-cachoeira-sustained-major-knee-injury-lopsided-loss-valentina-shevchenko","status":"publish","type":"post","link":"https:\/\/staging.tcpcharms.com\/bjpenn\/mma-news\/priscila-cachoeira\/priscila-cachoeira-sustained-major-knee-injury-lopsided-loss-valentina-shevchenko\/","title":{"rendered":"Priscila Cachoeira sustained major knee injury in lopsided loss to Valentina Shevchenko"},"content":{"rendered":"<p>Over the weekend, in the co-main event of the UFC&#8217;s trip to Belem, Brazilian flyweight Priscila Cachoeira stepped into the Octagon for the first time. Despite the fact she was making her UFC debut with just 8 pro fights behind her, her opponent was <a href=\"http:\/\/staging.tcpcharms.com\/bjpenn\/mma-news\/mario-yamasaki\/opinion-mario-yamasaki-ufc-share-blame-priscila-cachoeiras-prolonged-beating-2\/\">the vastly more experienced Valentina Shevchenko<\/a>, who is widely regarded as one of the best female fighters on earth.<\/p>\n<p>In the end,\u00a0Cachoeira&#8217;s experiential deficit manifested itself in a truly lopsided win for Shevchenko. The Kyrgyzstani contender out-landed her young Brazilian by an insane 230-3 margin en route to a second-round submission win. It was\u00a0<a href=\"http:\/\/staging.tcpcharms.com\/bjpenn\/mma-news\/valentina-shevchenko\/mma-community-reacts-valentina-shevchenkos-beatdown-priscila-cachoeira\/\">one of the most brutal beatdowns to hit our screens in a long, long time<\/a>.<\/p>\n<p>Amazingly, Cachoeira didn&#8217;t suffer any facial fractures in this tough loss. She did, however, sustain a major knee injury, tearing both her meniscus an ACL in the first frame.<\/p>\n<p>\u201cShe tore her meniscus and ACL in the beginning of the first round, the first time they engaged, and it went all downhill from that moment,\u201d Cachoeira\u2019s manager Tiago Okamura told <a href=\"https:\/\/www.mmafighting.com\/2018\/2\/4\/16970998\/priscila-cachoeira-suffered-serious-knee-injury-ufc-belem-loss-to-valentina-shevchenko\" target=\"_blank\" rel=\"noopener\">MMAFighting.com<\/a>. \u201cWe couldn\u2019t do anything.\u201d<\/p>\n<p>Okamura also addressed <a href=\"http:\/\/staging.tcpcharms.com\/bjpenn\/mma-news\/dana-white\/ufc-president-dana-white-trashes-incompetent-mario-yamasaki-after-shevchenko-cachoeira-fight\/\">the backlash being launched at referee Mario Yamasaki<\/a>, who many fans believe should have stopped the fight earlier.<\/p>\n<p>\u201cHe could have stopped it in a few occasions,\u201d Okamura said, \u201cBut \u2018Pedrita\u2019 is really tough and doesn\u2019t give up. She was trying to get out the entire time. Being a referee is a very complicated job.\u201d<\/p>\n<p>Cachoeira\u2019s coach and cornerman Gilliard Parana also chimed in on her injuries in a lengthy Instagram post, promising his fighter will return stronger than ever after her surgery.<\/p>\n<blockquote class=\"instagram-media\" data-instgrm-captioned=\"\" data-instgrm-permalink=\"https:\/\/www.instagram.com\/p\/BeyULOdH6Hv\/\" data-instgrm-version=\"8\" style=\"background: #FFF; border: 0; border-radius: 3px; box-shadow: 0 0 1px 0 rgba(0,0,0,0.5),0 1px 10px 0 rgba(0,0,0,0.15); margin: 1px; max-width: 658px; padding: 0; width: calc(100% - 2px);\">\n<div style=\"padding: 8px;\">\n<div style=\"background: #F8F8F8; line-height: 0; margin-top: 40px; padding: 62.5% 0; text-align: center; width: 100%;\">\n<div style=\"background: url(data:image\/png; base64,ivborw0kggoaaaansuheugaaacwaaaascamaaaapwqozaaaabgdbtueaalgpc\/xhbqaaaafzukdcak7ohokaaaamuexurczmzpf399fx1+bm5mzy9amaaadisurbvdjlvzxbesmgces5\/p8\/t9furvcrmu73jwlzosgsiizurcjo\/ad+eqjjb4hv8bft+idpqocx1wjosbfhh2xssxeiyn3uli\/6mnree07uiwjev8ueowds88ly97kqytlijkktuybbruayvh5wohixmpi5we58ek028czwyuqdlkpg1bkb4nnm+veanfhqn1k4+gpt6ugqcvu2h2ovuif\/gwufyy8owepdyzsa3avcqpvovvzzz2vtnn2wu8qzvjddeto90gsy9mvlqtgysy231mxry6i2ggqjrty0l8fxcxfcbbhwrsyyaaaaaelftksuqmcc); display: block; height: 44px; margin: 0 auto -44px; position: relative; top: -22px; width: 44px;\"><\/div>\n<\/div>\n<p style=\"margin: 8px 0 0 0; padding: 0 4px;\"><a href=\"https:\/\/www.instagram.com\/p\/BeyULOdH6Hv\/\" style=\"color: #000; font-family: Arial,sans-serif; font-size: 14px; font-style: normal; font-weight: normal; line-height: 17px; text-decoration: none; word-wrap: break-word;\" target=\"_blank\" rel=\"noopener\">Essa \u00e9 minha guerreira , lutou dois rotunda com menisco e o cruzado ferrado , chegando no rio vai fazer cirurgia foram dois passos e duas falseadas no joelho e ainda assim n\u00e3o pediu pra parar porque aqui n\u00e3o existe isso de pedir ir\u00e3o atuar foi at\u00e9 o limite pois ela n\u00e3o chegou at\u00e9 aqui entregando as lutas nas primeiras dores de golpes ou les\u00f5es , mais isso s\u00f3 entende quem \u00e9 do nosso perfil mesmo !! 2017 foi a melhor atleta disparado no Brasil , liderou a categoria dela at\u00e9 entrar no UFC e pegou s\u00f3 a Valentina que ningu\u00e9m queria pegar e olha que sei de nomes fortes que fugiram dessa luta , mais aqui \u00e9 PRVT e sempre vamos aceitar o desafio \u00e9 se der um rev\u00e9s vamos atr\u00e1s de melhorar assim como j\u00e1 fiz com jessica vo fazer com @pedritaprvtufc podem esperar !! J\u00e1 j\u00e1 os mesmos que criticaram v\u00e3o elogiar e os invejosos v\u00e3o se calar com nosso sucesso , n\u00e3o estamos aqui \u00e0 toa sabemos oque estamos fazendo e qual \u00e9 nosso caminho percorrido !! Vamos com tudo recuperar ap\u00f3s a cirurgia e depois voltar ao topo porque s\u00f3 de estar no maior evento do mundo com certeza estamos no topo !! PRVT no UFC !! A saga continua !\u2019 Doa a quem doer !! Ooossssssss @jessicammapro #prvt<\/a><\/p>\n<p style=\"color: #c9c8cd; font-family: Arial,sans-serif; font-size: 14px; line-height: 17px; margin-bottom: 0; margin-top: 8px; overflow: hidden; padding: 8px 0 7px; text-align: center; text-overflow: ellipsis; white-space: nowrap;\">A post shared by <a href=\"https:\/\/www.instagram.com\/gilliardparana\/\" style=\"color: #c9c8cd; font-family: Arial,sans-serif; font-size: 14px; font-style: normal; font-weight: normal; line-height: 17px;\" target=\"_blank\" rel=\"noopener\"> Gilliard Parana<\/a> (@gilliardparana) on <time style=\"font-family: Arial,sans-serif; font-size: 14px; line-height: 17px;\" datetime=\"2018-02-04T19:16:23+00:00\">Feb 4, 2018 at 11:16am PST<\/time><\/p>\n<\/div>\n<\/blockquote>\n<p><script async defer src=\"\/\/platform.instagram.com\/en_US\/embeds.js\"><\/script><\/p>\n<p>Do you think\u00a0Priscila Cachoeira&#8217;s fight with Valentina Shevchenko should have been stopped earlier?<\/p>\n<p class=\"p1\"><i>This article first appeared on\u00a0<\/i><a href=\"http:\/\/staging.tcpcharms.com\/bjpenn\/\"><span class=\"s1\"><i>BJPenn.com<\/i><\/span><\/a><i>\u00a0on 2\/5\/2018. <\/i><\/p>\n","protected":false},"excerpt":{"rendered":"<p>Over the weekend, in the co-main event of the UFC&#8217;s trip to Belem, Brazilian flyweight Priscila Cachoeira stepped into the Octagon for the first time. Despite the fact she was making her UFC debut with just 8 pro fights behind her, her opponent was the vastly more experienced Valentina Shevchenko, who is widely regarded as [&hellip;]<\/p>\n","protected":false},"author":54430,"featured_media":269450,"comment_status":"closed","ping_status":"closed","sticky":false,"template":"","format":"standard","meta":{"_mi_skip_tracking":false},"categories":[39445,10368],"tags":[],"yoast_head":"<!-- This site is optimized with the Yoast SEO Premium plugin v19.7 (Yoast SEO v19.14) - https:\/\/yoast.com\/wordpress\/plugins\/seo\/ -->\n<title>Priscila Cachoeira sustained major knee injury in lopsided loss to Valentina Shevchenko | BJPenn.com<\/title>\n<meta name=\"robots\" content=\"index, follow, max-snippet:-1, max-image-preview:large, max-video-preview:-1\" \/>\n<link rel=\"canonical\" href=\"https:\/\/staging.tcpcharms.com\/bjpenn\/mma-news\/priscila-cachoeira\/priscila-cachoeira-sustained-major-knee-injury-lopsided-loss-valentina-shevchenko\/\" \/>\n<meta property=\"og:locale\" content=\"en_US\" \/>\n<meta property=\"og:type\" content=\"article\" \/>\n<meta property=\"og:title\" content=\"Priscila Cachoeira sustained major knee injury in lopsided loss to Valentina Shevchenko | BJPenn.com\" \/>\n<meta property=\"og:description\" content=\"Over the weekend, in the co-main event of the UFC&#8217;s trip to Belem, Brazilian flyweight Priscila Cachoeira stepped into the Octagon for the first time. Despite the fact she was making her UFC debut with just 8 pro fights behind her, her opponent was the vastly more experienced Valentina Shevchenko, who is widely regarded as [&hellip;]\" \/>\n<meta property=\"og:url\" content=\"https:\/\/staging.tcpcharms.com\/bjpenn\/mma-news\/priscila-cachoeira\/priscila-cachoeira-sustained-major-knee-injury-lopsided-loss-valentina-shevchenko\/\" \/>\n<meta property=\"og:site_name\" content=\"| BJPenn.com\" \/>\n<meta property=\"article:publisher\" content=\"https:\/\/www.facebook.com\/bjpenn\" \/>\n<meta property=\"article:published_time\" content=\"2018-02-05T14:57:36+00:00\" \/>\n<meta property=\"og:image\" content=\"https:\/\/staging.tcpcharms.com\/bjpenn\/wp-content\/uploads\/2018\/02\/Priscila-Cachoeira-.png\" \/>\n\t<meta property=\"og:image:width\" content=\"730\" \/>\n\t<meta property=\"og:image:height\" content=\"380\" \/>\n\t<meta property=\"og:image:type\" content=\"image\/png\" \/>\n<meta name=\"author\" content=\"Tom Taylor\" \/>\n<meta name=\"twitter:card\" content=\"summary_large_image\" \/>\n<meta name=\"twitter:creator\" content=\"@bjpenndotcom\" \/>\n<meta name=\"twitter:site\" content=\"@bjpenndotcom\" \/>\n<meta name=\"twitter:label1\" content=\"Written by\" \/>\n\t<meta name=\"twitter:data1\" content=\"Tom Taylor\" \/>\n\t<meta name=\"twitter:label2\" content=\"Est. reading time\" \/>\n\t<meta name=\"twitter:data2\" content=\"3 minutes\" \/>\n<script type=\"application\/ld+json\" class=\"yoast-schema-graph\">{\"@context\":\"https:\/\/schema.org\",\"@graph\":[{\"@type\":\"Article\",\"@id\":\"https:\/\/staging.tcpcharms.com\/bjpenn\/mma-news\/priscila-cachoeira\/priscila-cachoeira-sustained-major-knee-injury-lopsided-loss-valentina-shevchenko\/#article\",\"isPartOf\":{\"@id\":\"https:\/\/staging.tcpcharms.com\/bjpenn\/mma-news\/priscila-cachoeira\/priscila-cachoeira-sustained-major-knee-injury-lopsided-loss-valentina-shevchenko\/\"},\"author\":{\"name\":\"Tom Taylor\",\"@id\":\"https:\/\/staging.tcpcharms.com\/bjpenn\/#\/schema\/person\/e1a3f1e5a045aeaf5b59aa1549a06a87\"},\"headline\":\"Priscila Cachoeira sustained major knee injury in lopsided loss to Valentina Shevchenko\",\"datePublished\":\"2018-02-05T14:57:36+00:00\",\"dateModified\":\"2018-02-05T14:57:36+00:00\",\"mainEntityOfPage\":{\"@id\":\"https:\/\/staging.tcpcharms.com\/bjpenn\/mma-news\/priscila-cachoeira\/priscila-cachoeira-sustained-major-knee-injury-lopsided-loss-valentina-shevchenko\/\"},\"wordCount\":531,\"publisher\":{\"@id\":\"https:\/\/staging.tcpcharms.com\/bjpenn\/#organization\"},\"articleSection\":[\"Priscila Cachoeira\",\"Valentina Shevchenko\"],\"inLanguage\":\"en-US\",\"copyrightYear\":\"2018\",\"copyrightHolder\":{\"@id\":\"https:\/\/staging.tcpcharms.com\/bjpenn\/#organization\"}},{\"@type\":\"WebPage\",\"@id\":\"https:\/\/staging.tcpcharms.com\/bjpenn\/mma-news\/priscila-cachoeira\/priscila-cachoeira-sustained-major-knee-injury-lopsided-loss-valentina-shevchenko\/\",\"url\":\"https:\/\/staging.tcpcharms.com\/bjpenn\/mma-news\/priscila-cachoeira\/priscila-cachoeira-sustained-major-knee-injury-lopsided-loss-valentina-shevchenko\/\",\"name\":\"Priscila Cachoeira sustained major knee injury in lopsided loss to Valentina Shevchenko | BJPenn.com\",\"isPartOf\":{\"@id\":\"https:\/\/staging.tcpcharms.com\/bjpenn\/#website\"},\"datePublished\":\"2018-02-05T14:57:36+00:00\",\"dateModified\":\"2018-02-05T14:57:36+00:00\",\"breadcrumb\":{\"@id\":\"https:\/\/staging.tcpcharms.com\/bjpenn\/mma-news\/priscila-cachoeira\/priscila-cachoeira-sustained-major-knee-injury-lopsided-loss-valentina-shevchenko\/#breadcrumb\"},\"inLanguage\":\"en-US\",\"potentialAction\":[{\"@type\":\"ReadAction\",\"target\":[\"https:\/\/staging.tcpcharms.com\/bjpenn\/mma-news\/priscila-cachoeira\/priscila-cachoeira-sustained-major-knee-injury-lopsided-loss-valentina-shevchenko\/\"]}]},{\"@type\":\"BreadcrumbList\",\"@id\":\"https:\/\/staging.tcpcharms.com\/bjpenn\/mma-news\/priscila-cachoeira\/priscila-cachoeira-sustained-major-knee-injury-lopsided-loss-valentina-shevchenko\/#breadcrumb\",\"itemListElement\":[{\"@type\":\"ListItem\",\"position\":1,\"name\":\"Home\",\"item\":\"https:\/\/staging.tcpcharms.com\/bjpenn\/\"},{\"@type\":\"ListItem\",\"position\":2,\"name\":\"MMA News\",\"item\":\"https:\/\/staging.tcpcharms.com\/bjpenn\/mma-news\/\"},{\"@type\":\"ListItem\",\"position\":3,\"name\":\"Priscila Cachoeira\",\"item\":\"https:\/\/staging.tcpcharms.com\/bjpenn\/mma-news\/priscila-cachoeira\/\"},{\"@type\":\"ListItem\",\"position\":4,\"name\":\"Priscila Cachoeira sustained major knee injury in lopsided loss to Valentina Shevchenko\"}]},{\"@type\":\"WebSite\",\"@id\":\"https:\/\/staging.tcpcharms.com\/bjpenn\/#website\",\"url\":\"https:\/\/staging.tcpcharms.com\/bjpenn\/\",\"name\":\"| BJPenn.com\",\"description\":\"MMA &amp; UFC News, Results &amp; Fight Videos\",\"publisher\":{\"@id\":\"https:\/\/staging.tcpcharms.com\/bjpenn\/#organization\"},\"potentialAction\":[{\"@type\":\"SearchAction\",\"target\":{\"@type\":\"EntryPoint\",\"urlTemplate\":\"https:\/\/staging.tcpcharms.com\/bjpenn\/?s={search_term_string}\"},\"query-input\":\"required name=search_term_string\"}],\"inLanguage\":\"en-US\"},{\"@type\":\"Organization\",\"@id\":\"https:\/\/staging.tcpcharms.com\/bjpenn\/#organization\",\"name\":\"| BJPenn.com\",\"url\":\"https:\/\/staging.tcpcharms.com\/bjpenn\/\",\"logo\":{\"@type\":\"ImageObject\",\"inLanguage\":\"en-US\",\"@id\":\"https:\/\/staging.tcpcharms.com\/bjpenn\/#\/schema\/logo\/image\/\",\"url\":\"http:\/\/staging.tcpcharms.com\/bjpenn\/wp-content\/uploads\/2022\/01\/bj_penn_logo_amp.png\",\"contentUrl\":\"http:\/\/staging.tcpcharms.com\/bjpenn\/wp-content\/uploads\/2022\/01\/bj_penn_logo_amp.png\",\"width\":600,\"height\":148,\"caption\":\"| BJPenn.com\"},\"image\":{\"@id\":\"https:\/\/staging.tcpcharms.com\/bjpenn\/#\/schema\/logo\/image\/\"},\"sameAs\":[\"https:\/\/instagram.com\/bjpenn\",\"https:\/\/www.linkedin.com\/in\/bjpenn\",\"https:\/\/www.pinterest.com\/bjpenndotcom\/\",\"https:\/\/www.youtube.com\/user\/0fficialbjpenn\",\"https:\/\/www.facebook.com\/bjpenn\",\"https:\/\/twitter.com\/bjpenndotcom\"]},{\"@type\":\"Person\",\"@id\":\"https:\/\/staging.tcpcharms.com\/bjpenn\/#\/schema\/person\/e1a3f1e5a045aeaf5b59aa1549a06a87\",\"name\":\"Tom Taylor\",\"description\":\"Tom Taylor is a globetrotting writer currently based in Ottawa, Canada. He is a staff writer for BJPenn.com, and also covers mixed martial arts for Fightland and Vice Sports. Follow him on Twitter @TomTayMMA.\",\"url\":\"https:\/\/staging.tcpcharms.com\/bjpenn\/author\/tom-taylor\/\"}]}<\/script>\n<!-- \/ Yoast SEO Premium plugin. -->","yoast_head_json":{"title":"Priscila Cachoeira sustained major knee injury in lopsided loss to Valentina Shevchenko | BJPenn.com","robots":{"index":"index","follow":"follow","max-snippet":"max-snippet:-1","max-image-preview":"max-image-preview:large","max-video-preview":"max-video-preview:-1"},"canonical":"https:\/\/staging.tcpcharms.com\/bjpenn\/mma-news\/priscila-cachoeira\/priscila-cachoeira-sustained-major-knee-injury-lopsided-loss-valentina-shevchenko\/","og_locale":"en_US","og_type":"article","og_title":"Priscila Cachoeira sustained major knee injury in lopsided loss to Valentina Shevchenko | BJPenn.com","og_description":"Over the weekend, in the co-main event of the UFC&#8217;s trip to Belem, Brazilian flyweight Priscila Cachoeira stepped into the Octagon for the first time. Despite the fact she was making her UFC debut with just 8 pro fights behind her, her opponent was the vastly more experienced Valentina Shevchenko, who is widely regarded as [&hellip;]","og_url":"https:\/\/staging.tcpcharms.com\/bjpenn\/mma-news\/priscila-cachoeira\/priscila-cachoeira-sustained-major-knee-injury-lopsided-loss-valentina-shevchenko\/","og_site_name":"| BJPenn.com","article_publisher":"https:\/\/www.facebook.com\/bjpenn","article_published_time":"2018-02-05T14:57:36+00:00","og_image":[{"width":730,"height":380,"url":"https:\/\/staging.tcpcharms.com\/bjpenn\/wp-content\/uploads\/2018\/02\/Priscila-Cachoeira-.png","type":"image\/png"}],"author":"Tom Taylor","twitter_card":"summary_large_image","twitter_creator":"@bjpenndotcom","twitter_site":"@bjpenndotcom","twitter_misc":{"Written by":"Tom Taylor","Est. reading time":"3 minutes"},"schema":{"@context":"https:\/\/schema.org","@graph":[{"@type":"Article","@id":"https:\/\/staging.tcpcharms.com\/bjpenn\/mma-news\/priscila-cachoeira\/priscila-cachoeira-sustained-major-knee-injury-lopsided-loss-valentina-shevchenko\/#article","isPartOf":{"@id":"https:\/\/staging.tcpcharms.com\/bjpenn\/mma-news\/priscila-cachoeira\/priscila-cachoeira-sustained-major-knee-injury-lopsided-loss-valentina-shevchenko\/"},"author":{"name":"Tom Taylor","@id":"https:\/\/staging.tcpcharms.com\/bjpenn\/#\/schema\/person\/e1a3f1e5a045aeaf5b59aa1549a06a87"},"headline":"Priscila Cachoeira sustained major knee injury in lopsided loss to Valentina Shevchenko","datePublished":"2018-02-05T14:57:36+00:00","dateModified":"2018-02-05T14:57:36+00:00","mainEntityOfPage":{"@id":"https:\/\/staging.tcpcharms.com\/bjpenn\/mma-news\/priscila-cachoeira\/priscila-cachoeira-sustained-major-knee-injury-lopsided-loss-valentina-shevchenko\/"},"wordCount":531,"publisher":{"@id":"https:\/\/staging.tcpcharms.com\/bjpenn\/#organization"},"articleSection":["Priscila Cachoeira","Valentina Shevchenko"],"inLanguage":"en-US","copyrightYear":"2018","copyrightHolder":{"@id":"https:\/\/staging.tcpcharms.com\/bjpenn\/#organization"}},{"@type":"WebPage","@id":"https:\/\/staging.tcpcharms.com\/bjpenn\/mma-news\/priscila-cachoeira\/priscila-cachoeira-sustained-major-knee-injury-lopsided-loss-valentina-shevchenko\/","url":"https:\/\/staging.tcpcharms.com\/bjpenn\/mma-news\/priscila-cachoeira\/priscila-cachoeira-sustained-major-knee-injury-lopsided-loss-valentina-shevchenko\/","name":"Priscila Cachoeira sustained major knee injury in lopsided loss to Valentina Shevchenko | BJPenn.com","isPartOf":{"@id":"https:\/\/staging.tcpcharms.com\/bjpenn\/#website"},"datePublished":"2018-02-05T14:57:36+00:00","dateModified":"2018-02-05T14:57:36+00:00","breadcrumb":{"@id":"https:\/\/staging.tcpcharms.com\/bjpenn\/mma-news\/priscila-cachoeira\/priscila-cachoeira-sustained-major-knee-injury-lopsided-loss-valentina-shevchenko\/#breadcrumb"},"inLanguage":"en-US","potentialAction":[{"@type":"ReadAction","target":["https:\/\/staging.tcpcharms.com\/bjpenn\/mma-news\/priscila-cachoeira\/priscila-cachoeira-sustained-major-knee-injury-lopsided-loss-valentina-shevchenko\/"]}]},{"@type":"BreadcrumbList","@id":"https:\/\/staging.tcpcharms.com\/bjpenn\/mma-news\/priscila-cachoeira\/priscila-cachoeira-sustained-major-knee-injury-lopsided-loss-valentina-shevchenko\/#breadcrumb","itemListElement":[{"@type":"ListItem","position":1,"name":"Home","item":"https:\/\/staging.tcpcharms.com\/bjpenn\/"},{"@type":"ListItem","position":2,"name":"MMA News","item":"https:\/\/staging.tcpcharms.com\/bjpenn\/mma-news\/"},{"@type":"ListItem","position":3,"name":"Priscila Cachoeira","item":"https:\/\/staging.tcpcharms.com\/bjpenn\/mma-news\/priscila-cachoeira\/"},{"@type":"ListItem","position":4,"name":"Priscila Cachoeira sustained major knee injury in lopsided loss to Valentina Shevchenko"}]},{"@type":"WebSite","@id":"https:\/\/staging.tcpcharms.com\/bjpenn\/#website","url":"https:\/\/staging.tcpcharms.com\/bjpenn\/","name":"| BJPenn.com","description":"MMA &amp; UFC News, Results &amp; Fight Videos","publisher":{"@id":"https:\/\/staging.tcpcharms.com\/bjpenn\/#organization"},"potentialAction":[{"@type":"SearchAction","target":{"@type":"EntryPoint","urlTemplate":"https:\/\/staging.tcpcharms.com\/bjpenn\/?s={search_term_string}"},"query-input":"required name=search_term_string"}],"inLanguage":"en-US"},{"@type":"Organization","@id":"https:\/\/staging.tcpcharms.com\/bjpenn\/#organization","name":"| BJPenn.com","url":"https:\/\/staging.tcpcharms.com\/bjpenn\/","logo":{"@type":"ImageObject","inLanguage":"en-US","@id":"https:\/\/staging.tcpcharms.com\/bjpenn\/#\/schema\/logo\/image\/","url":"http:\/\/staging.tcpcharms.com\/bjpenn\/wp-content\/uploads\/2022\/01\/bj_penn_logo_amp.png","contentUrl":"http:\/\/staging.tcpcharms.com\/bjpenn\/wp-content\/uploads\/2022\/01\/bj_penn_logo_amp.png","width":600,"height":148,"caption":"| BJPenn.com"},"image":{"@id":"https:\/\/staging.tcpcharms.com\/bjpenn\/#\/schema\/logo\/image\/"},"sameAs":["https:\/\/instagram.com\/bjpenn","https:\/\/www.linkedin.com\/in\/bjpenn","https:\/\/www.pinterest.com\/bjpenndotcom\/","https:\/\/www.youtube.com\/user\/0fficialbjpenn","https:\/\/www.facebook.com\/bjpenn","https:\/\/twitter.com\/bjpenndotcom"]},{"@type":"Person","@id":"https:\/\/staging.tcpcharms.com\/bjpenn\/#\/schema\/person\/e1a3f1e5a045aeaf5b59aa1549a06a87","name":"Tom Taylor","description":"Tom Taylor is a globetrotting writer currently based in Ottawa, Canada. He is a staff writer for BJPenn.com, and also covers mixed martial arts for Fightland and Vice Sports. Follow him on Twitter @TomTayMMA.","url":"https:\/\/staging.tcpcharms.com\/bjpenn\/author\/tom-taylor\/"}]}},"amp_enabled":true,"_links":{"self":[{"href":"https:\/\/staging.tcpcharms.com\/bjpenn\/wp-json\/wp\/v2\/posts\/269449"}],"collection":[{"href":"https:\/\/staging.tcpcharms.com\/bjpenn\/wp-json\/wp\/v2\/posts"}],"about":[{"href":"https:\/\/staging.tcpcharms.com\/bjpenn\/wp-json\/wp\/v2\/types\/post"}],"author":[{"embeddable":true,"href":"https:\/\/staging.tcpcharms.com\/bjpenn\/wp-json\/wp\/v2\/users\/54430"}],"replies":[{"embeddable":true,"href":"https:\/\/staging.tcpcharms.com\/bjpenn\/wp-json\/wp\/v2\/comments?post=269449"}],"version-history":[{"count":0,"href":"https:\/\/staging.tcpcharms.com\/bjpenn\/wp-json\/wp\/v2\/posts\/269449\/revisions"}],"wp:featuredmedia":[{"embeddable":true,"href":"https:\/\/staging.tcpcharms.com\/bjpenn\/wp-json\/wp\/v2\/media\/269450"}],"wp:attachment":[{"href":"https:\/\/staging.tcpcharms.com\/bjpenn\/wp-json\/wp\/v2\/media?parent=269449"}],"wp:term":[{"taxonomy":"category","embeddable":true,"href":"https:\/\/staging.tcpcharms.com\/bjpenn\/wp-json\/wp\/v2\/categories?post=269449"},{"taxonomy":"post_tag","embeddable":true,"href":"https:\/\/staging.tcpcharms.com\/bjpenn\/wp-json\/wp\/v2\/tags?post=269449"}],"curies":[{"name":"wp","href":"https:\/\/api.w.org\/{rel}","templated":true}]}}