{"id":244898,"date":"2017-07-21T12:12:17","date_gmt":"2017-07-21T19:12:17","guid":{"rendered":"http:\/\/staging.tcpcharms.com\/bjpenn\/?p=244898"},"modified":"2017-07-21T13:09:21","modified_gmt":"2017-07-21T20:09:21","slug":"jose-aldo-to-compete-outside-the-ufc","status":"publish","type":"post","link":"https:\/\/staging.tcpcharms.com\/bjpenn\/mma-news\/jose-aldo\/jose-aldo-to-compete-outside-the-ufc\/","title":{"rendered":"Jose Aldo to compete outside the UFC"},"content":{"rendered":"<p>Former UFC featherweight champion Jose Aldo&#8217;s next competition will interestingly not be in the UFC as &#8220;Scarface&#8221; is set to compete next weekend.<\/p>\n<p>According to the International Brazilian Jiu-Jitsu Federation, Aldo will be competing in their jiu-jitsu tournament, which takes place July 28-30.<\/p>\n<p>IBJJF posted a photo of Aldo and said the following in their caption:<\/p>\n<blockquote><p>We are very honored to have the great Jose Aldo Junior registered for the Master South America! We can&#8217;t wait to see this MMA legend representing the Nova Uni\u00e3o team in the light division.<br \/>\n#Repost @cbjjoficial<br \/>\n\u30fb\u30fb\u30fb<br \/>\nEstamos muito honrados que o grande campe\u00e3o Jose Aldo Junior (@josealdojunioroficial) ir\u00e1 competir no Master South America 2017.<br \/>\nA lenda do MMA ir\u00e1 representar a academia Nova Uni\u00e3o na divis\u00e3o dos leves!<\/p><\/blockquote>\n<blockquote class=\"instagram-media\" data-instgrm-captioned data-instgrm-version=\"7\" style=\" background:#FFF; border:0; border-radius:3px; box-shadow:0 0 1px 0 rgba(0,0,0,0.5),0 1px 10px 0 rgba(0,0,0,0.15); margin: 1px; max-width:658px; padding:0; width:99.375%; width:-webkit-calc(100% - 2px); width:calc(100% - 2px);\">\n<div style=\"padding:8px;\">\n<div style=\" background:#F8F8F8; line-height:0; margin-top:40px; padding:33.33333333333333% 0; text-align:center; width:100%;\">\n<div style=\" background:url(data:image\/png;base64,iVBORw0KGgoAAAANSUhEUgAAACwAAAAsCAMAAAApWqozAAAABGdBTUEAALGPC\/xhBQAAAAFzUkdCAK7OHOkAAAAMUExURczMzPf399fX1+bm5mzY9AMAAADiSURBVDjLvZXbEsMgCES5\/P8\/t9FuRVCRmU73JWlzosgSIIZURCjo\/ad+EQJJB4Hv8BFt+IDpQoCx1wjOSBFhh2XssxEIYn3ulI\/6MNReE07UIWJEv8UEOWDS88LY97kqyTliJKKtuYBbruAyVh5wOHiXmpi5we58Ek028czwyuQdLKPG1Bkb4NnM+VeAnfHqn1k4+GPT6uGQcvu2h2OVuIf\/gWUFyy8OWEpdyZSa3aVCqpVoVvzZZ2VTnn2wU8qzVjDDetO90GSy9mVLqtgYSy231MxrY6I2gGqjrTY0L8fxCxfCBbhWrsYYAAAAAElFTkSuQmCC); display:block; height:44px; margin:0 auto -44px; position:relative; top:-22px; width:44px;\"><\/div>\n<\/div>\n<p style=\" margin:8px 0 0 0; padding:0 4px;\"> <a href=\"https:\/\/www.instagram.com\/p\/BWySz4BFct-\/\" style=\" color:#000; font-family:Arial,sans-serif; font-size:14px; font-style:normal; font-weight:normal; line-height:17px; text-decoration:none; word-wrap:break-word;\" target=\"_blank\">We are very honored to have the great Jose Aldo Junior registered for the Master South America! We can&#39;t wait to see this MMA legend representing the Nova Uni\u00e3o team in the light division. #Repost @cbjjoficial \u30fb\u30fb\u30fb Estamos muito honrados que o grande campe\u00e3o Jose Aldo Junior (@josealdojunioroficial) ir\u00e1 competir no Master South America 2017. A lenda do MMA ir\u00e1 representar a academia Nova Uni\u00e3o na divis\u00e3o dos leves!<\/a><\/p>\n<p style=\" color:#c9c8cd; font-family:Arial,sans-serif; font-size:14px; line-height:17px; margin-bottom:0; margin-top:8px; overflow:hidden; padding:8px 0 7px; text-align:center; text-overflow:ellipsis; white-space:nowrap;\">A post shared by IBJJF (@ibjjf) on <time style=\" font-family:Arial,sans-serif; font-size:14px; line-height:17px;\" datetime=\"2017-07-20T22:53:19+00:00\">Jul 20, 2017 at 3:53pm PDT<\/time><\/p>\n<\/div>\n<\/blockquote>\n<p> <script async defer src=\"\/\/platform.instagram.com\/en_US\/embeds.js\"><\/script><\/p>\n<p>Aldo is a Nova Uniao black belt under Andre Pederneiras, who is <a href=\"http:\/\/staging.tcpcharms.com\/bjpenn\/mma-news\/jose-aldo\/andre-pederneiras-encourages-fighters-move-brazil\/\">still his head coach<\/a>. Aldo has not competed in a jiu-jitsu competition for over 10 years. However, &#8220;Scarface&#8221; has two notable grappling wins over Rubens Charles \u201cCobrinha&#8221; back when Aldo was a brown belt in 2004.<\/p>\n<p><a href=\"http:\/\/staging.tcpcharms.com\/bjpenn\/wp-content\/uploads\/2016\/08\/Jose-Aldo-Frankie-Edgar-200.png\"><img decoding=\"async\" loading=\"lazy\" width=\"730\" height=\"380\" src=\"http:\/\/staging.tcpcharms.com\/bjpenn\/wp-content\/uploads\/2016\/08\/Jose-Aldo-Frankie-Edgar-200.png\" alt=\"UFC interim featherweight title belt\" class=\"alignnone size-full wp-image-200461\" srcset=\"https:\/\/staging.tcpcharms.com\/bjpenn\/wp-content\/uploads\/2016\/08\/Jose-Aldo-Frankie-Edgar-200.png 730w, https:\/\/staging.tcpcharms.com\/bjpenn\/wp-content\/uploads\/2016\/08\/Jose-Aldo-Frankie-Edgar-200-300x156.png 300w, https:\/\/staging.tcpcharms.com\/bjpenn\/wp-content\/uploads\/2016\/08\/Jose-Aldo-Frankie-Edgar-200-585x305.png 585w, https:\/\/staging.tcpcharms.com\/bjpenn\/wp-content\/uploads\/2016\/08\/Jose-Aldo-Frankie-Edgar-200-390x203.png 390w\" sizes=\"(max-width: 730px) 100vw, 730px\" \/><\/a><\/p>\n<p>Jose Aldo holds a 26-3 professional mixed martial arts record with his first pro fight taking place in 2004. Aldo rose to stardom as the WEC featherweight champion and was crowned the first UFC featherweight champion. Aldo&#8217;s long reign as champion came to an abrupt end when he faced Conor McGregor at UFC 194 losing in 13 seconds by KO. Following the devastating loss to McGregor, Aldo won the UFC featherweight interim belt against Frankie Edgar at UFC 200 and was once again crowned the undisputed champion after McGregor won the UFC lightweight belt and relinquished the featherweight title. Aldo then fought and lost by TKO to Max Holloway at UFC 212 in June. After the loss to Holloway, Aldo sent a message to his fans <a href=\"http:\/\/staging.tcpcharms.com\/bjpenn\/mma-news\/jose-aldo\/jose-aldo-releases-first-statement-since-loss-to-max-holloway\/\">stating that he will be back<\/a>.<\/p>\n<p><a href=\"http:\/\/staging.tcpcharms.com\/bjpenn\/wp-content\/uploads\/2016\/11\/Jose-Aldo-Dana-white-belt-200.png\"><img decoding=\"async\" loading=\"lazy\" width=\"730\" height=\"380\" src=\"http:\/\/staging.tcpcharms.com\/bjpenn\/wp-content\/uploads\/2016\/11\/Jose-Aldo-Dana-white-belt-200.png\" alt=\"Jose Aldo\" class=\"alignnone size-full wp-image-211460\" srcset=\"https:\/\/staging.tcpcharms.com\/bjpenn\/wp-content\/uploads\/2016\/11\/Jose-Aldo-Dana-white-belt-200.png 730w, https:\/\/staging.tcpcharms.com\/bjpenn\/wp-content\/uploads\/2016\/11\/Jose-Aldo-Dana-white-belt-200-300x156.png 300w, https:\/\/staging.tcpcharms.com\/bjpenn\/wp-content\/uploads\/2016\/11\/Jose-Aldo-Dana-white-belt-200-585x305.png 585w, https:\/\/staging.tcpcharms.com\/bjpenn\/wp-content\/uploads\/2016\/11\/Jose-Aldo-Dana-white-belt-200-390x203.png 390w\" sizes=\"(max-width: 730px) 100vw, 730px\" \/><\/a><\/p>\n<p>This article first appeared on <a href=\"http:\/\/staging.tcpcharms.com\/bjpenn\">BJPenn.com<\/a> on 7\/21\/2017.<\/p>\n","protected":false},"excerpt":{"rendered":"<p>Former UFC featherweight champion Jose Aldo&#8217;s next competition will interestingly not be in the UFC as &#8220;Scarface&#8221; is set to compete next weekend. According to the International Brazilian Jiu-Jitsu Federation, Aldo will be competing in their jiu-jitsu tournament, which takes place July 28-30. IBJJF posted a photo of Aldo and said the following in their [&hellip;]<\/p>\n","protected":false},"author":54422,"featured_media":244904,"comment_status":"closed","ping_status":"closed","sticky":false,"template":"","format":"standard","meta":{"_mi_skip_tracking":false},"categories":[10145],"tags":[],"yoast_head":"<!-- This site is optimized with the Yoast SEO Premium plugin v19.7 (Yoast SEO v19.14) - https:\/\/yoast.com\/wordpress\/plugins\/seo\/ -->\n<title>Jose Aldo to compete outside the UFC | BJPenn.com<\/title>\n<meta name=\"description\" content=\"Former UFC featherweight champion Jose Aldo\u2019s next competition will interestingly not be in the UFC as \u201cScarface\u201d is set to compete next weekend.\" \/>\n<meta name=\"robots\" content=\"index, follow, max-snippet:-1, max-image-preview:large, max-video-preview:-1\" \/>\n<link rel=\"canonical\" href=\"https:\/\/staging.tcpcharms.com\/bjpenn\/mma-news\/jose-aldo\/jose-aldo-to-compete-outside-the-ufc\/\" \/>\n<meta property=\"og:locale\" content=\"en_US\" \/>\n<meta property=\"og:type\" content=\"article\" \/>\n<meta property=\"og:title\" content=\"Jose Aldo to compete outside the UFC | BJPenn.com\" \/>\n<meta property=\"og:description\" content=\"Former UFC featherweight champion Jose Aldo\u2019s next competition will interestingly not be in the UFC as \u201cScarface\u201d is set to compete next weekend.\" \/>\n<meta property=\"og:url\" content=\"https:\/\/staging.tcpcharms.com\/bjpenn\/mma-news\/jose-aldo\/jose-aldo-to-compete-outside-the-ufc\/\" \/>\n<meta property=\"og:site_name\" content=\"| BJPenn.com\" \/>\n<meta property=\"article:publisher\" content=\"https:\/\/www.facebook.com\/bjpenn\" \/>\n<meta property=\"article:published_time\" content=\"2017-07-21T19:12:17+00:00\" \/>\n<meta property=\"article:modified_time\" content=\"2017-07-21T20:09:21+00:00\" \/>\n<meta property=\"og:image\" content=\"https:\/\/staging.tcpcharms.com\/bjpenn\/wp-content\/uploads\/2017\/07\/Jose-Aldo-Andre-Pederneiras.png\" \/>\n\t<meta property=\"og:image:width\" content=\"730\" \/>\n\t<meta property=\"og:image:height\" content=\"380\" \/>\n\t<meta property=\"og:image:type\" content=\"image\/png\" \/>\n<meta name=\"author\" content=\"Russell Ess\" \/>\n<meta name=\"twitter:card\" content=\"summary_large_image\" \/>\n<meta name=\"twitter:creator\" content=\"@bjpenndotcom\" \/>\n<meta name=\"twitter:site\" content=\"@bjpenndotcom\" \/>\n<meta name=\"twitter:label1\" content=\"Written by\" \/>\n\t<meta name=\"twitter:data1\" content=\"Russell Ess\" \/>\n\t<meta name=\"twitter:label2\" content=\"Est. reading time\" \/>\n\t<meta name=\"twitter:data2\" content=\"2 minutes\" \/>\n<script type=\"application\/ld+json\" class=\"yoast-schema-graph\">{\"@context\":\"https:\/\/schema.org\",\"@graph\":[{\"@type\":\"Article\",\"@id\":\"https:\/\/staging.tcpcharms.com\/bjpenn\/mma-news\/jose-aldo\/jose-aldo-to-compete-outside-the-ufc\/#article\",\"isPartOf\":{\"@id\":\"https:\/\/staging.tcpcharms.com\/bjpenn\/mma-news\/jose-aldo\/jose-aldo-to-compete-outside-the-ufc\/\"},\"author\":{\"name\":\"Russell Ess\",\"@id\":\"https:\/\/staging.tcpcharms.com\/bjpenn\/#\/schema\/person\/38bb728c4095a34ce673601d63c55be3\"},\"headline\":\"Jose Aldo to compete outside the UFC\",\"datePublished\":\"2017-07-21T19:12:17+00:00\",\"dateModified\":\"2017-07-21T20:09:21+00:00\",\"mainEntityOfPage\":{\"@id\":\"https:\/\/staging.tcpcharms.com\/bjpenn\/mma-news\/jose-aldo\/jose-aldo-to-compete-outside-the-ufc\/\"},\"wordCount\":398,\"publisher\":{\"@id\":\"https:\/\/staging.tcpcharms.com\/bjpenn\/#organization\"},\"articleSection\":[\"Jose Aldo\"],\"inLanguage\":\"en-US\",\"copyrightYear\":\"2017\",\"copyrightHolder\":{\"@id\":\"https:\/\/staging.tcpcharms.com\/bjpenn\/#organization\"}},{\"@type\":\"WebPage\",\"@id\":\"https:\/\/staging.tcpcharms.com\/bjpenn\/mma-news\/jose-aldo\/jose-aldo-to-compete-outside-the-ufc\/\",\"url\":\"https:\/\/staging.tcpcharms.com\/bjpenn\/mma-news\/jose-aldo\/jose-aldo-to-compete-outside-the-ufc\/\",\"name\":\"Jose Aldo to compete outside the UFC | BJPenn.com\",\"isPartOf\":{\"@id\":\"https:\/\/staging.tcpcharms.com\/bjpenn\/#website\"},\"datePublished\":\"2017-07-21T19:12:17+00:00\",\"dateModified\":\"2017-07-21T20:09:21+00:00\",\"description\":\"Former UFC featherweight champion Jose Aldo\u2019s next competition will interestingly not be in the UFC as \u201cScarface\u201d is set to compete next weekend.\",\"breadcrumb\":{\"@id\":\"https:\/\/staging.tcpcharms.com\/bjpenn\/mma-news\/jose-aldo\/jose-aldo-to-compete-outside-the-ufc\/#breadcrumb\"},\"inLanguage\":\"en-US\",\"potentialAction\":[{\"@type\":\"ReadAction\",\"target\":[\"https:\/\/staging.tcpcharms.com\/bjpenn\/mma-news\/jose-aldo\/jose-aldo-to-compete-outside-the-ufc\/\"]}]},{\"@type\":\"BreadcrumbList\",\"@id\":\"https:\/\/staging.tcpcharms.com\/bjpenn\/mma-news\/jose-aldo\/jose-aldo-to-compete-outside-the-ufc\/#breadcrumb\",\"itemListElement\":[{\"@type\":\"ListItem\",\"position\":1,\"name\":\"Home\",\"item\":\"https:\/\/staging.tcpcharms.com\/bjpenn\/\"},{\"@type\":\"ListItem\",\"position\":2,\"name\":\"MMA News\",\"item\":\"https:\/\/staging.tcpcharms.com\/bjpenn\/mma-news\/\"},{\"@type\":\"ListItem\",\"position\":3,\"name\":\"Jose Aldo\",\"item\":\"https:\/\/staging.tcpcharms.com\/bjpenn\/mma-news\/jose-aldo\/\"},{\"@type\":\"ListItem\",\"position\":4,\"name\":\"Jose Aldo to compete outside the UFC\"}]},{\"@type\":\"WebSite\",\"@id\":\"https:\/\/staging.tcpcharms.com\/bjpenn\/#website\",\"url\":\"https:\/\/staging.tcpcharms.com\/bjpenn\/\",\"name\":\"| BJPenn.com\",\"description\":\"MMA &amp; UFC News, Results &amp; Fight Videos\",\"publisher\":{\"@id\":\"https:\/\/staging.tcpcharms.com\/bjpenn\/#organization\"},\"potentialAction\":[{\"@type\":\"SearchAction\",\"target\":{\"@type\":\"EntryPoint\",\"urlTemplate\":\"https:\/\/staging.tcpcharms.com\/bjpenn\/?s={search_term_string}\"},\"query-input\":\"required name=search_term_string\"}],\"inLanguage\":\"en-US\"},{\"@type\":\"Organization\",\"@id\":\"https:\/\/staging.tcpcharms.com\/bjpenn\/#organization\",\"name\":\"| BJPenn.com\",\"url\":\"https:\/\/staging.tcpcharms.com\/bjpenn\/\",\"logo\":{\"@type\":\"ImageObject\",\"inLanguage\":\"en-US\",\"@id\":\"https:\/\/staging.tcpcharms.com\/bjpenn\/#\/schema\/logo\/image\/\",\"url\":\"http:\/\/staging.tcpcharms.com\/bjpenn\/wp-content\/uploads\/2022\/01\/bj_penn_logo_amp.png\",\"contentUrl\":\"http:\/\/staging.tcpcharms.com\/bjpenn\/wp-content\/uploads\/2022\/01\/bj_penn_logo_amp.png\",\"width\":600,\"height\":148,\"caption\":\"| BJPenn.com\"},\"image\":{\"@id\":\"https:\/\/staging.tcpcharms.com\/bjpenn\/#\/schema\/logo\/image\/\"},\"sameAs\":[\"https:\/\/instagram.com\/bjpenn\",\"https:\/\/www.linkedin.com\/in\/bjpenn\",\"https:\/\/www.pinterest.com\/bjpenndotcom\/\",\"https:\/\/www.youtube.com\/user\/0fficialbjpenn\",\"https:\/\/www.facebook.com\/bjpenn\",\"https:\/\/twitter.com\/bjpenndotcom\"]},{\"@type\":\"Person\",\"@id\":\"https:\/\/staging.tcpcharms.com\/bjpenn\/#\/schema\/person\/38bb728c4095a34ce673601d63c55be3\",\"name\":\"Russell Ess\",\"description\":\"Bringing you the latest buzzing fight news and entertaining fight related tidbits.\",\"sameAs\":[\"http:\/\/BJPENN.COM\"],\"url\":\"https:\/\/staging.tcpcharms.com\/bjpenn\/author\/russel-saito\/\"}]}<\/script>\n<!-- \/ Yoast SEO Premium plugin. -->","yoast_head_json":{"title":"Jose Aldo to compete outside the UFC | BJPenn.com","description":"Former UFC featherweight champion Jose Aldo\u2019s next competition will interestingly not be in the UFC as \u201cScarface\u201d is set to compete next weekend.","robots":{"index":"index","follow":"follow","max-snippet":"max-snippet:-1","max-image-preview":"max-image-preview:large","max-video-preview":"max-video-preview:-1"},"canonical":"https:\/\/staging.tcpcharms.com\/bjpenn\/mma-news\/jose-aldo\/jose-aldo-to-compete-outside-the-ufc\/","og_locale":"en_US","og_type":"article","og_title":"Jose Aldo to compete outside the UFC | BJPenn.com","og_description":"Former UFC featherweight champion Jose Aldo\u2019s next competition will interestingly not be in the UFC as \u201cScarface\u201d is set to compete next weekend.","og_url":"https:\/\/staging.tcpcharms.com\/bjpenn\/mma-news\/jose-aldo\/jose-aldo-to-compete-outside-the-ufc\/","og_site_name":"| BJPenn.com","article_publisher":"https:\/\/www.facebook.com\/bjpenn","article_published_time":"2017-07-21T19:12:17+00:00","article_modified_time":"2017-07-21T20:09:21+00:00","og_image":[{"width":730,"height":380,"url":"https:\/\/staging.tcpcharms.com\/bjpenn\/wp-content\/uploads\/2017\/07\/Jose-Aldo-Andre-Pederneiras.png","type":"image\/png"}],"author":"Russell Ess","twitter_card":"summary_large_image","twitter_creator":"@bjpenndotcom","twitter_site":"@bjpenndotcom","twitter_misc":{"Written by":"Russell Ess","Est. reading time":"2 minutes"},"schema":{"@context":"https:\/\/schema.org","@graph":[{"@type":"Article","@id":"https:\/\/staging.tcpcharms.com\/bjpenn\/mma-news\/jose-aldo\/jose-aldo-to-compete-outside-the-ufc\/#article","isPartOf":{"@id":"https:\/\/staging.tcpcharms.com\/bjpenn\/mma-news\/jose-aldo\/jose-aldo-to-compete-outside-the-ufc\/"},"author":{"name":"Russell Ess","@id":"https:\/\/staging.tcpcharms.com\/bjpenn\/#\/schema\/person\/38bb728c4095a34ce673601d63c55be3"},"headline":"Jose Aldo to compete outside the UFC","datePublished":"2017-07-21T19:12:17+00:00","dateModified":"2017-07-21T20:09:21+00:00","mainEntityOfPage":{"@id":"https:\/\/staging.tcpcharms.com\/bjpenn\/mma-news\/jose-aldo\/jose-aldo-to-compete-outside-the-ufc\/"},"wordCount":398,"publisher":{"@id":"https:\/\/staging.tcpcharms.com\/bjpenn\/#organization"},"articleSection":["Jose Aldo"],"inLanguage":"en-US","copyrightYear":"2017","copyrightHolder":{"@id":"https:\/\/staging.tcpcharms.com\/bjpenn\/#organization"}},{"@type":"WebPage","@id":"https:\/\/staging.tcpcharms.com\/bjpenn\/mma-news\/jose-aldo\/jose-aldo-to-compete-outside-the-ufc\/","url":"https:\/\/staging.tcpcharms.com\/bjpenn\/mma-news\/jose-aldo\/jose-aldo-to-compete-outside-the-ufc\/","name":"Jose Aldo to compete outside the UFC | BJPenn.com","isPartOf":{"@id":"https:\/\/staging.tcpcharms.com\/bjpenn\/#website"},"datePublished":"2017-07-21T19:12:17+00:00","dateModified":"2017-07-21T20:09:21+00:00","description":"Former UFC featherweight champion Jose Aldo\u2019s next competition will interestingly not be in the UFC as \u201cScarface\u201d is set to compete next weekend.","breadcrumb":{"@id":"https:\/\/staging.tcpcharms.com\/bjpenn\/mma-news\/jose-aldo\/jose-aldo-to-compete-outside-the-ufc\/#breadcrumb"},"inLanguage":"en-US","potentialAction":[{"@type":"ReadAction","target":["https:\/\/staging.tcpcharms.com\/bjpenn\/mma-news\/jose-aldo\/jose-aldo-to-compete-outside-the-ufc\/"]}]},{"@type":"BreadcrumbList","@id":"https:\/\/staging.tcpcharms.com\/bjpenn\/mma-news\/jose-aldo\/jose-aldo-to-compete-outside-the-ufc\/#breadcrumb","itemListElement":[{"@type":"ListItem","position":1,"name":"Home","item":"https:\/\/staging.tcpcharms.com\/bjpenn\/"},{"@type":"ListItem","position":2,"name":"MMA News","item":"https:\/\/staging.tcpcharms.com\/bjpenn\/mma-news\/"},{"@type":"ListItem","position":3,"name":"Jose Aldo","item":"https:\/\/staging.tcpcharms.com\/bjpenn\/mma-news\/jose-aldo\/"},{"@type":"ListItem","position":4,"name":"Jose Aldo to compete outside the UFC"}]},{"@type":"WebSite","@id":"https:\/\/staging.tcpcharms.com\/bjpenn\/#website","url":"https:\/\/staging.tcpcharms.com\/bjpenn\/","name":"| BJPenn.com","description":"MMA &amp; UFC News, Results &amp; Fight Videos","publisher":{"@id":"https:\/\/staging.tcpcharms.com\/bjpenn\/#organization"},"potentialAction":[{"@type":"SearchAction","target":{"@type":"EntryPoint","urlTemplate":"https:\/\/staging.tcpcharms.com\/bjpenn\/?s={search_term_string}"},"query-input":"required name=search_term_string"}],"inLanguage":"en-US"},{"@type":"Organization","@id":"https:\/\/staging.tcpcharms.com\/bjpenn\/#organization","name":"| BJPenn.com","url":"https:\/\/staging.tcpcharms.com\/bjpenn\/","logo":{"@type":"ImageObject","inLanguage":"en-US","@id":"https:\/\/staging.tcpcharms.com\/bjpenn\/#\/schema\/logo\/image\/","url":"http:\/\/staging.tcpcharms.com\/bjpenn\/wp-content\/uploads\/2022\/01\/bj_penn_logo_amp.png","contentUrl":"http:\/\/staging.tcpcharms.com\/bjpenn\/wp-content\/uploads\/2022\/01\/bj_penn_logo_amp.png","width":600,"height":148,"caption":"| BJPenn.com"},"image":{"@id":"https:\/\/staging.tcpcharms.com\/bjpenn\/#\/schema\/logo\/image\/"},"sameAs":["https:\/\/instagram.com\/bjpenn","https:\/\/www.linkedin.com\/in\/bjpenn","https:\/\/www.pinterest.com\/bjpenndotcom\/","https:\/\/www.youtube.com\/user\/0fficialbjpenn","https:\/\/www.facebook.com\/bjpenn","https:\/\/twitter.com\/bjpenndotcom"]},{"@type":"Person","@id":"https:\/\/staging.tcpcharms.com\/bjpenn\/#\/schema\/person\/38bb728c4095a34ce673601d63c55be3","name":"Russell Ess","description":"Bringing you the latest buzzing fight news and entertaining fight related tidbits.","sameAs":["http:\/\/BJPENN.COM"],"url":"https:\/\/staging.tcpcharms.com\/bjpenn\/author\/russel-saito\/"}]}},"amp_enabled":true,"_links":{"self":[{"href":"https:\/\/staging.tcpcharms.com\/bjpenn\/wp-json\/wp\/v2\/posts\/244898"}],"collection":[{"href":"https:\/\/staging.tcpcharms.com\/bjpenn\/wp-json\/wp\/v2\/posts"}],"about":[{"href":"https:\/\/staging.tcpcharms.com\/bjpenn\/wp-json\/wp\/v2\/types\/post"}],"author":[{"embeddable":true,"href":"https:\/\/staging.tcpcharms.com\/bjpenn\/wp-json\/wp\/v2\/users\/54422"}],"replies":[{"embeddable":true,"href":"https:\/\/staging.tcpcharms.com\/bjpenn\/wp-json\/wp\/v2\/comments?post=244898"}],"version-history":[{"count":0,"href":"https:\/\/staging.tcpcharms.com\/bjpenn\/wp-json\/wp\/v2\/posts\/244898\/revisions"}],"wp:featuredmedia":[{"embeddable":true,"href":"https:\/\/staging.tcpcharms.com\/bjpenn\/wp-json\/wp\/v2\/media\/244904"}],"wp:attachment":[{"href":"https:\/\/staging.tcpcharms.com\/bjpenn\/wp-json\/wp\/v2\/media?parent=244898"}],"wp:term":[{"taxonomy":"category","embeddable":true,"href":"https:\/\/staging.tcpcharms.com\/bjpenn\/wp-json\/wp\/v2\/categories?post=244898"},{"taxonomy":"post_tag","embeddable":true,"href":"https:\/\/staging.tcpcharms.com\/bjpenn\/wp-json\/wp\/v2\/tags?post=244898"}],"curies":[{"name":"wp","href":"https:\/\/api.w.org\/{rel}","templated":true}]}}