{"id":241735,"date":"2017-06-12T08:30:29","date_gmt":"2017-06-12T15:30:29","guid":{"rendered":"http:\/\/staging.tcpcharms.com\/bjpenn\/?p=241735"},"modified":"2017-06-12T08:30:57","modified_gmt":"2017-06-12T15:30:57","slug":"vitor-belfort-agrees-nate-marquardts-challenge","status":"publish","type":"post","link":"https:\/\/staging.tcpcharms.com\/bjpenn\/mma-news\/vitor-belfort\/vitor-belfort-agrees-nate-marquardts-challenge\/","title":{"rendered":"Vitor Belfort agrees to Nate Marquardt&#8217;s challenge"},"content":{"rendered":"<p>Earlier this month, on the main card of UFC 212 in Rio de Janeiro, Brazil, MMA veterans Vitor Belfort and Nate Marquardt collided in an interesting, middleweight clash. In the end, Belfort would win this fight with <a href=\"http:\/\/staging.tcpcharms.com\/bjpenn\/mma-news\/ufc-212\/ufc-212-results-vitor-belfort-defeats-nate-marquardt-highlights\/\">a rather controversial decision<\/a>.<\/p>\n<p>Though this fight was <a href=\"http:\/\/staging.tcpcharms.com\/bjpenn\/mma-news\/vitor-belfort\/report-vitor-belfort-retirement-fight-set-ufc-212\/\">initially expected to be Belfort&#8217;s retirement fight<\/a>, he was quick to correct this perception, first stating that he planned to <a href=\"http:\/\/staging.tcpcharms.com\/bjpenn\/mma-news\/vitor-belfort\/vitor-belfort-leave-ufc-next-fight-continue-competing\/\">continue fighting outside the UFC<\/a>, then that he actually planned on taking 5 or so more fights inside the UFC&#8217;s Octagon.<\/p>\n<p>Though nothing is confirmed just yet, it looks like Belfort&#8217;s next fight could end up being a rematch with Marquardt.<\/p>\n<p>Shortly after their fight, Marquardt voiced his disappointment with the judges&#8217; decision, suggesting they only sided the way they did because the fight occured in Belfort&#8217;s native Brazil.<\/p>\n<blockquote><p><em>\u201cYeah, I was very surprised [by the decision],\u201d Marquardt told MMAFighting.com. \u201cI thought I clearly won rounds one and two, and I watched the fight, and even in round three he won the round more on just, you know, him going forward because he knew he had lost the first two rounds. And as far as punches and kicks landed, I landed more punches and kicks in the third round, he just had that one little flurry at the end but even then I fought out of that and was able to land at the end of the fight. So yeah, I was very surprised and shocked.\u201d<\/em><\/p>\n<p><em>\u201cHonestly, I really wish and it be awesome to fight him again,\u201d Marquardt continued. \u201cI don\u2019t know if that\u2019s even a possibility, but honestly, if I were him, I wouldn\u2019t be happy with that win.&#8221;<\/em><\/p>\n<p><em>\u201cWhen he said that it would be his retirement fight, we were originally supposed to fight in Singapore, and I thought that was great, kinda neutral territory. But then they moved it to Rio, and it was kind of like a last minute thing, we were already like five weeks out and they basically said that that\u2019s where the fight was going to be, and I had to do it anyways. I think it\u2019d be fair if would be in the U.S.\u201d<\/em><\/p><\/blockquote>\n<p>Now, Belfort has agreed to Marquardt&#8217;s proposition, saying he&#8217;d be happy to rematch his recent foe on neutral ground.<\/p>\n<blockquote class=\"instagram-media\" style=\"background: #FFF; border: 0; border-radius: 3px; box-shadow: 0 0 1px 0 rgba(0,0,0,0.5),0 1px 10px 0 rgba(0,0,0,0.15); margin: 1px; max-width: 658px; padding: 0; width: calc(100% - 2px);\" data-instgrm-captioned=\"\" data-instgrm-version=\"7\">\n<div style=\"padding: 8px;\">\n<div style=\"background: #F8F8F8; line-height: 0; margin-top: 40px; padding: 28.26797385620915% 0; text-align: center; width: 100%;\"><\/div>\n<p style=\"margin: 8px 0 0 0; padding: 0 4px;\"><a style=\"color: #000; font-family: Arial,sans-serif; font-size: 14px; font-style: normal; font-weight: normal; line-height: 17px; text-decoration: none; word-wrap: break-word;\" href=\"https:\/\/www.instagram.com\/p\/BVNro0AFPVG\/\" target=\"_blank\">I respect @natemarquardt a lot but finding excuses for a loss it is not right. I won the fight for sure and fighting in Brazil doesn&#8217;t make a difference for the organization and the judges. As far as I&#8217;m concerned UFC is a international organization that has events and staff all over the world. But if you want to do it again. I am down for it!! Let&#8217;s fight in a neutral ground, so you can&#8217;t complain about hometown advantage. I will make sure that the fight will not go to the last round! Let&#8217;s do it!! Respeito muito o @natemarquardt mas ficar procurando desculpa para uma derrota n\u00e3o \u00e9 legal. Eu venci a luta com certeza e lutar no Brasil ou em outro qualquer lugar do mundo n\u00e3o faz diferen\u00e7a para a organiza\u00e7\u00e3o ou para os ju\u00edzes. Pq at\u00e9 onde eu saiba o UFC \u00e9 uma organiza\u00e7\u00e3o internacional que promove eventos em v\u00e1rios pa\u00edses e tamb\u00e9m tem uma equipe espalhada por todos continentes. Mas se vc quer lutar outra vez, por mim tudo bem! Eu topo! Vamos lutar em campo neutro, a\u00ed vc n\u00e3o vai poder reclamar de lutar no pa\u00eds de ningu\u00e9m. Na pr\u00f3xima vou garantir q a luta n\u00e3o v\u00e1 para as m\u00e3os dos ju\u00edzes. Vamos lutar!!<\/a><\/p>\n<p style=\"color: #c9c8cd; font-family: Arial,sans-serif; font-size: 14px; line-height: 17px; margin-bottom: 0; margin-top: 8px; overflow: hidden; padding: 8px 0 7px; text-align: center; text-overflow: ellipsis; white-space: nowrap;\">A post shared by Vitor &#8220;The Phenom&#8221; Belfort (@vitorbelfort) on <time style=\"font-family: Arial,sans-serif; font-size: 14px; line-height: 17px;\" datetime=\"2017-06-11T21:06:58+00:00\">Jun 11, 2017 at 2:06pm PDT<\/time><\/p>\n<\/div>\n<\/blockquote>\n<p><script async defer src=\"\/\/platform.instagram.com\/en_US\/embeds.js\"><\/script><\/p>\n<blockquote>\n<p id=\"6yhJSI\"><em>&#8220;I respect [Marquardt] a lot but finding excuses for a loss it is not right,\u201d Belfort said on\u00a0Instagram. &#8220;I won the fight for sure and fighting in Brazil doesn&#8217;t make a difference for the organization and the judges. As far as I&#8217;m concerned, the UFC is a international organization that has events and staff all over the world.<\/em><\/p>\n<p id=\"yxCLWu\"><em>&#8220;But if you want to do it again. I am down for it! Let&#8217;s fight in a neutral ground, so you can&#8217;t complain about hometown advantage. I will make sure that the fight will not go to the last round! Let&#8217;s do it!!\u201d<\/em><\/p>\n<\/blockquote>\n<p>Do you want to see Vitor Belfort and Nate Marquardt do battle again?<\/p>\n<p class=\"p1\"><i>This article first appeared on\u00a0<\/i><a href=\"http:\/\/staging.tcpcharms.com\/bjpenn\/\"><span class=\"s1\"><i>BJPenn.com<\/i><\/span><\/a><i>\u00a0on 6\/12\/2017.<\/i><\/p>\n","protected":false},"excerpt":{"rendered":"<p>Earlier this month, on the main card of UFC 212 in Rio de Janeiro, Brazil, MMA veterans Vitor Belfort and Nate Marquardt collided in an interesting, middleweight clash. In the end, Belfort would win this fight with a rather controversial decision. Though this fight was initially expected to be Belfort&#8217;s retirement fight, he was quick [&hellip;]<\/p>\n","protected":false},"author":54430,"featured_media":235936,"comment_status":"closed","ping_status":"closed","sticky":false,"template":"","format":"standard","meta":{"_mi_skip_tracking":false},"categories":[25381,10208],"tags":[],"yoast_head":"<!-- This site is optimized with the Yoast SEO Premium plugin v19.7 (Yoast SEO v19.14) - https:\/\/yoast.com\/wordpress\/plugins\/seo\/ -->\n<title>Vitor Belfort agrees to Nate Marquardt&#039;s challenge | BJPenn.com<\/title>\n<meta name=\"robots\" content=\"index, follow, max-snippet:-1, max-image-preview:large, max-video-preview:-1\" \/>\n<link rel=\"canonical\" href=\"https:\/\/staging.tcpcharms.com\/bjpenn\/mma-news\/vitor-belfort\/vitor-belfort-agrees-nate-marquardts-challenge\/\" \/>\n<meta property=\"og:locale\" content=\"en_US\" \/>\n<meta property=\"og:type\" content=\"article\" \/>\n<meta property=\"og:title\" content=\"Vitor Belfort agrees to Nate Marquardt&#039;s challenge | BJPenn.com\" \/>\n<meta property=\"og:description\" content=\"Earlier this month, on the main card of UFC 212 in Rio de Janeiro, Brazil, MMA veterans Vitor Belfort and Nate Marquardt collided in an interesting, middleweight clash. In the end, Belfort would win this fight with a rather controversial decision. Though this fight was initially expected to be Belfort&#8217;s retirement fight, he was quick [&hellip;]\" \/>\n<meta property=\"og:url\" content=\"https:\/\/staging.tcpcharms.com\/bjpenn\/mma-news\/vitor-belfort\/vitor-belfort-agrees-nate-marquardts-challenge\/\" \/>\n<meta property=\"og:site_name\" content=\"| BJPenn.com\" \/>\n<meta property=\"article:publisher\" content=\"https:\/\/www.facebook.com\/bjpenn\" \/>\n<meta property=\"article:published_time\" content=\"2017-06-12T15:30:29+00:00\" \/>\n<meta property=\"article:modified_time\" content=\"2017-06-12T15:30:57+00:00\" \/>\n<meta property=\"og:image\" content=\"https:\/\/staging.tcpcharms.com\/bjpenn\/wp-content\/uploads\/2017\/05\/Vitor-Belfort-Nate-Marquardt.png\" \/>\n\t<meta property=\"og:image:width\" content=\"730\" \/>\n\t<meta property=\"og:image:height\" content=\"380\" \/>\n\t<meta property=\"og:image:type\" content=\"image\/png\" \/>\n<meta name=\"author\" content=\"Tom Taylor\" \/>\n<meta name=\"twitter:card\" content=\"summary_large_image\" \/>\n<meta name=\"twitter:creator\" content=\"@bjpenndotcom\" \/>\n<meta name=\"twitter:site\" content=\"@bjpenndotcom\" \/>\n<meta name=\"twitter:label1\" content=\"Written by\" \/>\n\t<meta name=\"twitter:data1\" content=\"Tom Taylor\" \/>\n\t<meta name=\"twitter:label2\" content=\"Est. reading time\" \/>\n\t<meta name=\"twitter:data2\" content=\"4 minutes\" \/>\n<script type=\"application\/ld+json\" class=\"yoast-schema-graph\">{\"@context\":\"https:\/\/schema.org\",\"@graph\":[{\"@type\":\"Article\",\"@id\":\"https:\/\/staging.tcpcharms.com\/bjpenn\/mma-news\/vitor-belfort\/vitor-belfort-agrees-nate-marquardts-challenge\/#article\",\"isPartOf\":{\"@id\":\"https:\/\/staging.tcpcharms.com\/bjpenn\/mma-news\/vitor-belfort\/vitor-belfort-agrees-nate-marquardts-challenge\/\"},\"author\":{\"name\":\"Tom Taylor\",\"@id\":\"https:\/\/staging.tcpcharms.com\/bjpenn\/#\/schema\/person\/e1a3f1e5a045aeaf5b59aa1549a06a87\"},\"headline\":\"Vitor Belfort agrees to Nate Marquardt&#8217;s challenge\",\"datePublished\":\"2017-06-12T15:30:29+00:00\",\"dateModified\":\"2017-06-12T15:30:57+00:00\",\"mainEntityOfPage\":{\"@id\":\"https:\/\/staging.tcpcharms.com\/bjpenn\/mma-news\/vitor-belfort\/vitor-belfort-agrees-nate-marquardts-challenge\/\"},\"wordCount\":750,\"publisher\":{\"@id\":\"https:\/\/staging.tcpcharms.com\/bjpenn\/#organization\"},\"articleSection\":[\"Nate Marquardt\",\"Vitor Belfort\"],\"inLanguage\":\"en-US\",\"copyrightYear\":\"2017\",\"copyrightHolder\":{\"@id\":\"https:\/\/staging.tcpcharms.com\/bjpenn\/#organization\"}},{\"@type\":\"WebPage\",\"@id\":\"https:\/\/staging.tcpcharms.com\/bjpenn\/mma-news\/vitor-belfort\/vitor-belfort-agrees-nate-marquardts-challenge\/\",\"url\":\"https:\/\/staging.tcpcharms.com\/bjpenn\/mma-news\/vitor-belfort\/vitor-belfort-agrees-nate-marquardts-challenge\/\",\"name\":\"Vitor Belfort agrees to Nate Marquardt's challenge | BJPenn.com\",\"isPartOf\":{\"@id\":\"https:\/\/staging.tcpcharms.com\/bjpenn\/#website\"},\"datePublished\":\"2017-06-12T15:30:29+00:00\",\"dateModified\":\"2017-06-12T15:30:57+00:00\",\"breadcrumb\":{\"@id\":\"https:\/\/staging.tcpcharms.com\/bjpenn\/mma-news\/vitor-belfort\/vitor-belfort-agrees-nate-marquardts-challenge\/#breadcrumb\"},\"inLanguage\":\"en-US\",\"potentialAction\":[{\"@type\":\"ReadAction\",\"target\":[\"https:\/\/staging.tcpcharms.com\/bjpenn\/mma-news\/vitor-belfort\/vitor-belfort-agrees-nate-marquardts-challenge\/\"]}]},{\"@type\":\"BreadcrumbList\",\"@id\":\"https:\/\/staging.tcpcharms.com\/bjpenn\/mma-news\/vitor-belfort\/vitor-belfort-agrees-nate-marquardts-challenge\/#breadcrumb\",\"itemListElement\":[{\"@type\":\"ListItem\",\"position\":1,\"name\":\"Home\",\"item\":\"https:\/\/staging.tcpcharms.com\/bjpenn\/\"},{\"@type\":\"ListItem\",\"position\":2,\"name\":\"MMA News\",\"item\":\"https:\/\/staging.tcpcharms.com\/bjpenn\/mma-news\/\"},{\"@type\":\"ListItem\",\"position\":3,\"name\":\"Vitor Belfort\",\"item\":\"https:\/\/staging.tcpcharms.com\/bjpenn\/mma-news\/vitor-belfort\/\"},{\"@type\":\"ListItem\",\"position\":4,\"name\":\"Vitor Belfort agrees to Nate Marquardt&#8217;s challenge\"}]},{\"@type\":\"WebSite\",\"@id\":\"https:\/\/staging.tcpcharms.com\/bjpenn\/#website\",\"url\":\"https:\/\/staging.tcpcharms.com\/bjpenn\/\",\"name\":\"| BJPenn.com\",\"description\":\"MMA &amp; UFC News, Results &amp; Fight Videos\",\"publisher\":{\"@id\":\"https:\/\/staging.tcpcharms.com\/bjpenn\/#organization\"},\"potentialAction\":[{\"@type\":\"SearchAction\",\"target\":{\"@type\":\"EntryPoint\",\"urlTemplate\":\"https:\/\/staging.tcpcharms.com\/bjpenn\/?s={search_term_string}\"},\"query-input\":\"required name=search_term_string\"}],\"inLanguage\":\"en-US\"},{\"@type\":\"Organization\",\"@id\":\"https:\/\/staging.tcpcharms.com\/bjpenn\/#organization\",\"name\":\"| BJPenn.com\",\"url\":\"https:\/\/staging.tcpcharms.com\/bjpenn\/\",\"logo\":{\"@type\":\"ImageObject\",\"inLanguage\":\"en-US\",\"@id\":\"https:\/\/staging.tcpcharms.com\/bjpenn\/#\/schema\/logo\/image\/\",\"url\":\"http:\/\/staging.tcpcharms.com\/bjpenn\/wp-content\/uploads\/2022\/01\/bj_penn_logo_amp.png\",\"contentUrl\":\"http:\/\/staging.tcpcharms.com\/bjpenn\/wp-content\/uploads\/2022\/01\/bj_penn_logo_amp.png\",\"width\":600,\"height\":148,\"caption\":\"| BJPenn.com\"},\"image\":{\"@id\":\"https:\/\/staging.tcpcharms.com\/bjpenn\/#\/schema\/logo\/image\/\"},\"sameAs\":[\"https:\/\/instagram.com\/bjpenn\",\"https:\/\/www.linkedin.com\/in\/bjpenn\",\"https:\/\/www.pinterest.com\/bjpenndotcom\/\",\"https:\/\/www.youtube.com\/user\/0fficialbjpenn\",\"https:\/\/www.facebook.com\/bjpenn\",\"https:\/\/twitter.com\/bjpenndotcom\"]},{\"@type\":\"Person\",\"@id\":\"https:\/\/staging.tcpcharms.com\/bjpenn\/#\/schema\/person\/e1a3f1e5a045aeaf5b59aa1549a06a87\",\"name\":\"Tom Taylor\",\"description\":\"Tom Taylor is a globetrotting writer currently based in Ottawa, Canada. He is a staff writer for BJPenn.com, and also covers mixed martial arts for Fightland and Vice Sports. Follow him on Twitter @TomTayMMA.\",\"url\":\"https:\/\/staging.tcpcharms.com\/bjpenn\/author\/tom-taylor\/\"}]}<\/script>\n<!-- \/ Yoast SEO Premium plugin. -->","yoast_head_json":{"title":"Vitor Belfort agrees to Nate Marquardt's challenge | BJPenn.com","robots":{"index":"index","follow":"follow","max-snippet":"max-snippet:-1","max-image-preview":"max-image-preview:large","max-video-preview":"max-video-preview:-1"},"canonical":"https:\/\/staging.tcpcharms.com\/bjpenn\/mma-news\/vitor-belfort\/vitor-belfort-agrees-nate-marquardts-challenge\/","og_locale":"en_US","og_type":"article","og_title":"Vitor Belfort agrees to Nate Marquardt's challenge | BJPenn.com","og_description":"Earlier this month, on the main card of UFC 212 in Rio de Janeiro, Brazil, MMA veterans Vitor Belfort and Nate Marquardt collided in an interesting, middleweight clash. In the end, Belfort would win this fight with a rather controversial decision. Though this fight was initially expected to be Belfort&#8217;s retirement fight, he was quick [&hellip;]","og_url":"https:\/\/staging.tcpcharms.com\/bjpenn\/mma-news\/vitor-belfort\/vitor-belfort-agrees-nate-marquardts-challenge\/","og_site_name":"| BJPenn.com","article_publisher":"https:\/\/www.facebook.com\/bjpenn","article_published_time":"2017-06-12T15:30:29+00:00","article_modified_time":"2017-06-12T15:30:57+00:00","og_image":[{"width":730,"height":380,"url":"https:\/\/staging.tcpcharms.com\/bjpenn\/wp-content\/uploads\/2017\/05\/Vitor-Belfort-Nate-Marquardt.png","type":"image\/png"}],"author":"Tom Taylor","twitter_card":"summary_large_image","twitter_creator":"@bjpenndotcom","twitter_site":"@bjpenndotcom","twitter_misc":{"Written by":"Tom Taylor","Est. reading time":"4 minutes"},"schema":{"@context":"https:\/\/schema.org","@graph":[{"@type":"Article","@id":"https:\/\/staging.tcpcharms.com\/bjpenn\/mma-news\/vitor-belfort\/vitor-belfort-agrees-nate-marquardts-challenge\/#article","isPartOf":{"@id":"https:\/\/staging.tcpcharms.com\/bjpenn\/mma-news\/vitor-belfort\/vitor-belfort-agrees-nate-marquardts-challenge\/"},"author":{"name":"Tom Taylor","@id":"https:\/\/staging.tcpcharms.com\/bjpenn\/#\/schema\/person\/e1a3f1e5a045aeaf5b59aa1549a06a87"},"headline":"Vitor Belfort agrees to Nate Marquardt&#8217;s challenge","datePublished":"2017-06-12T15:30:29+00:00","dateModified":"2017-06-12T15:30:57+00:00","mainEntityOfPage":{"@id":"https:\/\/staging.tcpcharms.com\/bjpenn\/mma-news\/vitor-belfort\/vitor-belfort-agrees-nate-marquardts-challenge\/"},"wordCount":750,"publisher":{"@id":"https:\/\/staging.tcpcharms.com\/bjpenn\/#organization"},"articleSection":["Nate Marquardt","Vitor Belfort"],"inLanguage":"en-US","copyrightYear":"2017","copyrightHolder":{"@id":"https:\/\/staging.tcpcharms.com\/bjpenn\/#organization"}},{"@type":"WebPage","@id":"https:\/\/staging.tcpcharms.com\/bjpenn\/mma-news\/vitor-belfort\/vitor-belfort-agrees-nate-marquardts-challenge\/","url":"https:\/\/staging.tcpcharms.com\/bjpenn\/mma-news\/vitor-belfort\/vitor-belfort-agrees-nate-marquardts-challenge\/","name":"Vitor Belfort agrees to Nate Marquardt's challenge | BJPenn.com","isPartOf":{"@id":"https:\/\/staging.tcpcharms.com\/bjpenn\/#website"},"datePublished":"2017-06-12T15:30:29+00:00","dateModified":"2017-06-12T15:30:57+00:00","breadcrumb":{"@id":"https:\/\/staging.tcpcharms.com\/bjpenn\/mma-news\/vitor-belfort\/vitor-belfort-agrees-nate-marquardts-challenge\/#breadcrumb"},"inLanguage":"en-US","potentialAction":[{"@type":"ReadAction","target":["https:\/\/staging.tcpcharms.com\/bjpenn\/mma-news\/vitor-belfort\/vitor-belfort-agrees-nate-marquardts-challenge\/"]}]},{"@type":"BreadcrumbList","@id":"https:\/\/staging.tcpcharms.com\/bjpenn\/mma-news\/vitor-belfort\/vitor-belfort-agrees-nate-marquardts-challenge\/#breadcrumb","itemListElement":[{"@type":"ListItem","position":1,"name":"Home","item":"https:\/\/staging.tcpcharms.com\/bjpenn\/"},{"@type":"ListItem","position":2,"name":"MMA News","item":"https:\/\/staging.tcpcharms.com\/bjpenn\/mma-news\/"},{"@type":"ListItem","position":3,"name":"Vitor Belfort","item":"https:\/\/staging.tcpcharms.com\/bjpenn\/mma-news\/vitor-belfort\/"},{"@type":"ListItem","position":4,"name":"Vitor Belfort agrees to Nate Marquardt&#8217;s challenge"}]},{"@type":"WebSite","@id":"https:\/\/staging.tcpcharms.com\/bjpenn\/#website","url":"https:\/\/staging.tcpcharms.com\/bjpenn\/","name":"| BJPenn.com","description":"MMA &amp; UFC News, Results &amp; Fight Videos","publisher":{"@id":"https:\/\/staging.tcpcharms.com\/bjpenn\/#organization"},"potentialAction":[{"@type":"SearchAction","target":{"@type":"EntryPoint","urlTemplate":"https:\/\/staging.tcpcharms.com\/bjpenn\/?s={search_term_string}"},"query-input":"required name=search_term_string"}],"inLanguage":"en-US"},{"@type":"Organization","@id":"https:\/\/staging.tcpcharms.com\/bjpenn\/#organization","name":"| BJPenn.com","url":"https:\/\/staging.tcpcharms.com\/bjpenn\/","logo":{"@type":"ImageObject","inLanguage":"en-US","@id":"https:\/\/staging.tcpcharms.com\/bjpenn\/#\/schema\/logo\/image\/","url":"http:\/\/staging.tcpcharms.com\/bjpenn\/wp-content\/uploads\/2022\/01\/bj_penn_logo_amp.png","contentUrl":"http:\/\/staging.tcpcharms.com\/bjpenn\/wp-content\/uploads\/2022\/01\/bj_penn_logo_amp.png","width":600,"height":148,"caption":"| BJPenn.com"},"image":{"@id":"https:\/\/staging.tcpcharms.com\/bjpenn\/#\/schema\/logo\/image\/"},"sameAs":["https:\/\/instagram.com\/bjpenn","https:\/\/www.linkedin.com\/in\/bjpenn","https:\/\/www.pinterest.com\/bjpenndotcom\/","https:\/\/www.youtube.com\/user\/0fficialbjpenn","https:\/\/www.facebook.com\/bjpenn","https:\/\/twitter.com\/bjpenndotcom"]},{"@type":"Person","@id":"https:\/\/staging.tcpcharms.com\/bjpenn\/#\/schema\/person\/e1a3f1e5a045aeaf5b59aa1549a06a87","name":"Tom Taylor","description":"Tom Taylor is a globetrotting writer currently based in Ottawa, Canada. He is a staff writer for BJPenn.com, and also covers mixed martial arts for Fightland and Vice Sports. Follow him on Twitter @TomTayMMA.","url":"https:\/\/staging.tcpcharms.com\/bjpenn\/author\/tom-taylor\/"}]}},"amp_enabled":true,"_links":{"self":[{"href":"https:\/\/staging.tcpcharms.com\/bjpenn\/wp-json\/wp\/v2\/posts\/241735"}],"collection":[{"href":"https:\/\/staging.tcpcharms.com\/bjpenn\/wp-json\/wp\/v2\/posts"}],"about":[{"href":"https:\/\/staging.tcpcharms.com\/bjpenn\/wp-json\/wp\/v2\/types\/post"}],"author":[{"embeddable":true,"href":"https:\/\/staging.tcpcharms.com\/bjpenn\/wp-json\/wp\/v2\/users\/54430"}],"replies":[{"embeddable":true,"href":"https:\/\/staging.tcpcharms.com\/bjpenn\/wp-json\/wp\/v2\/comments?post=241735"}],"version-history":[{"count":0,"href":"https:\/\/staging.tcpcharms.com\/bjpenn\/wp-json\/wp\/v2\/posts\/241735\/revisions"}],"wp:featuredmedia":[{"embeddable":true,"href":"https:\/\/staging.tcpcharms.com\/bjpenn\/wp-json\/wp\/v2\/media\/235936"}],"wp:attachment":[{"href":"https:\/\/staging.tcpcharms.com\/bjpenn\/wp-json\/wp\/v2\/media?parent=241735"}],"wp:term":[{"taxonomy":"category","embeddable":true,"href":"https:\/\/staging.tcpcharms.com\/bjpenn\/wp-json\/wp\/v2\/categories?post=241735"},{"taxonomy":"post_tag","embeddable":true,"href":"https:\/\/staging.tcpcharms.com\/bjpenn\/wp-json\/wp\/v2\/tags?post=241735"}],"curies":[{"name":"wp","href":"https:\/\/api.w.org\/{rel}","templated":true}]}}