{"id":240923,"date":"2017-06-07T09:44:51","date_gmt":"2017-06-07T16:44:51","guid":{"rendered":"http:\/\/staging.tcpcharms.com\/bjpenn\/?p=240923"},"modified":"2017-06-07T09:44:51","modified_gmt":"2017-06-07T16:44:51","slug":"karolina-kowalkiewicz-breaks-silence-following-ufc-212-loss","status":"publish","type":"post","link":"https:\/\/staging.tcpcharms.com\/bjpenn\/mma-news\/karolina-kowalkiewicz\/karolina-kowalkiewicz-breaks-silence-following-ufc-212-loss\/","title":{"rendered":"Karolina Kowalkiewicz breaks silence following UFC 212 loss"},"content":{"rendered":"<p>This past weekend, in the co-main event of UFC 212, former UFC strawweight title challengers Claudia Gadelha and Karolina Kowalkiewicz stepped into the Octagon for a pivotal scrap that saw Gadelha pick up an early <a href=\"http:\/\/staging.tcpcharms.com\/bjpenn\/mma-news\/claudia-gadelha\/claudia-gadelha-issues-statement-blowout-ufc-212-defeat-karolina-kowalkiewicz\/\">1st round submission win.<\/a><\/p>\n<p>The win was a particularly impressive one for Gadelha, who is now on a 2-fight win streak following her TUF Finale <a href=\"http:\/\/staging.tcpcharms.com\/bjpenn\/mma-news\/joanna-jedrzejczyk\/joanna-jedrzejczyk-reflects-on-fight-with-claudia-gadelha\/\">loss to Joanna Jedrzejczyk<\/a> in a failed bid for the women&#8217;s strawweight title nearly a year ago.<\/p>\n<p><img decoding=\"async\" loading=\"lazy\" width=\"730\" height=\"380\" src=\"http:\/\/staging.tcpcharms.com\/bjpenn\/wp-content\/uploads\/2016\/07\/Joanna-Claudia-postfight.png\" alt=\"Claudia Gadelha Joanna Jedrzejczyk\" class=\"alignnone size-full wp-image-198402\" srcset=\"https:\/\/staging.tcpcharms.com\/bjpenn\/wp-content\/uploads\/2016\/07\/Joanna-Claudia-postfight.png 730w, https:\/\/staging.tcpcharms.com\/bjpenn\/wp-content\/uploads\/2016\/07\/Joanna-Claudia-postfight-300x156.png 300w, https:\/\/staging.tcpcharms.com\/bjpenn\/wp-content\/uploads\/2016\/07\/Joanna-Claudia-postfight-585x305.png 585w, https:\/\/staging.tcpcharms.com\/bjpenn\/wp-content\/uploads\/2016\/07\/Joanna-Claudia-postfight-390x203.png 390w\" sizes=\"(max-width: 730px) 100vw, 730px\" \/><\/p>\n<p>On the heels of the loss, Kowalkiewicz broke her silence on social media this week:<\/p>\n<blockquote class=\"instagram-media\" data-instgrm-captioned data-instgrm-version=\"7\" style=\" background:#FFF; border:0; border-radius:3px; box-shadow:0 0 1px 0 rgba(0,0,0,0.5),0 1px 10px 0 rgba(0,0,0,0.15); margin: 1px; max-width:658px; padding:0; width:99.375%; width:-webkit-calc(100% - 2px); width:calc(100% - 2px);\">\n<div style=\"padding:8px;\">\n<div style=\" background:#F8F8F8; line-height:0; margin-top:40px; padding:61.94444444444444% 0; text-align:center; width:100%;\">\n<div style=\" background:url(data:image\/png;base64,iVBORw0KGgoAAAANSUhEUgAAACwAAAAsCAMAAAApWqozAAAABGdBTUEAALGPC\/xhBQAAAAFzUkdCAK7OHOkAAAAMUExURczMzPf399fX1+bm5mzY9AMAAADiSURBVDjLvZXbEsMgCES5\/P8\/t9FuRVCRmU73JWlzosgSIIZURCjo\/ad+EQJJB4Hv8BFt+IDpQoCx1wjOSBFhh2XssxEIYn3ulI\/6MNReE07UIWJEv8UEOWDS88LY97kqyTliJKKtuYBbruAyVh5wOHiXmpi5we58Ek028czwyuQdLKPG1Bkb4NnM+VeAnfHqn1k4+GPT6uGQcvu2h2OVuIf\/gWUFyy8OWEpdyZSa3aVCqpVoVvzZZ2VTnn2wU8qzVjDDetO90GSy9mVLqtgYSy231MxrY6I2gGqjrTY0L8fxCxfCBbhWrsYYAAAAAElFTkSuQmCC); display:block; height:44px; margin:0 auto -44px; position:relative; top:-22px; width:44px;\"><\/div>\n<\/div>\n<p style=\" margin:8px 0 0 0; padding:0 4px;\"> <a href=\"https:\/\/www.instagram.com\/p\/BU_skHCFnSL\/\" style=\" color:#000; font-family:Arial,sans-serif; font-size:14px; font-style:normal; font-weight:normal; line-height:17px; text-decoration:none; word-wrap:break-word;\" target=\"_blank\">Smutek, \u017cal, z\u0142o\u015b\u0107, gniew, rozczarowanie-nie ma odpowiednich s\u0142\u00f3w \u017ceby opisa\u0107 to co teraz czuj\u0119&#8230; Kocham to co robi\u0119, kocham MMA i nic tego nie zmieni, b\u0119d\u0119 trenowa\u0142a i walczy\u0142a dalej, i zapewniam Was, \u017ce do kolejnej walki wyjd\u0119 jak zawsze, u\u015bmiechni\u0119ta. By\u0142am naprawd\u0119 doskonale przygotowana do tego pojedynku i nie mam poj\u0119cia co tam si\u0119 sta\u0142o. Po prostu Claudia by\u0142a lepsza i to nie by\u0142 m\u00f3j dzie\u0144. Chcia\u0142am jej jeszcze raz bardzo pogratulowa\u0107 i podzi\u0119kowa\u0107 za walk\u0119. Jeste\u015b niesamowitym sportowcem i wspania\u0142ym cz\u0142owiekiem i to by\u0142 dla mnie zaszczyt, \u017ce mog\u0142am si\u0119 z Tob\u0105 zmierzy\u0107. Dosta\u0142am cenn\u0105 lekcj\u0119. Kiedy\u015b walczy\u0142am tylko dla siebie, teraz walcz\u0119 te\u017c dla Was, dlatego chcia\u0142am bardzo przeprosi\u0107 wszystkich tych, kt\u00f3rych zawiod\u0142am. Chcia\u0142am przeprosi\u0107 moich trener\u00f3w, koleg\u00f3w z STT, przyjaci\u00f3\u0142, rodzin\u0119 i wszystkich fan\u00f3w, i jednocze\u015bnie chcia\u0142am Wam podzi\u0119kowa\u0107 za ogromne wsparcie jakie od Was dostaje. Jeste\u015bcie niesamowici, a ja jestem ogromn\u0105 szcz\u0119\u015bciar\u0105 ze Was mam. Nie b\u0119d\u0119 si\u0119 za du\u017co rozpisywa\u0107 bo \u015bpiesz\u0119 si\u0119 na trening&#8230; &#x1f609; Jeszcze raz przepraszam i dzi\u0119kuj\u0119. Sadness, regret, anger, disapointment- i have no words to describe how i feel right now&#8230; I love to do what i do, I love MMA and nothing going to change it, im going to keep training and fighting and i promise that im going to come out to my next fight with a smile on my face as always. I was really well prepared to this fight and i have no idea what happened. Claudia was just better, and that definitely was not my day. I wanted to congratulate her and say thank you for the fight. You are an amazing fighter and person, it was an honour that i could face you in octagon. That was an important lesson. Before i was fighting only for myself, now im also fighting for you my fans, thats why i want to apologize to you for letting you down. I wanted to apologize my coaches, training partners from STT, friends, family and all my fans and i want to thank you for all the support im getting from you. You are incredible and im very lucky to have you. Im not going to make it any longer because im going to training&#8230; \ud83d\ude09 Once again im sorry and thank you<\/a><\/p>\n<p style=\" color:#c9c8cd; font-family:Arial,sans-serif; font-size:14px; line-height:17px; margin-bottom:0; margin-top:8px; overflow:hidden; padding:8px 0 7px; text-align:center; text-overflow:ellipsis; white-space:nowrap;\">A post shared by Karolina Kowalkiewicz (@karolinakowalkiewicz) on <time style=\" font-family:Arial,sans-serif; font-size:14px; line-height:17px;\" datetime=\"2017-06-06T10:45:41+00:00\">Jun 6, 2017 at 3:45am PDT<\/time><\/p>\n<\/div>\n<\/blockquote>\n<p> <script async defer src=\"\/\/platform.instagram.com\/en_US\/embeds.js\"><\/script><\/p>\n<p>This article first appeared on <a href=\"http:\/\/staging.tcpcharms.com\/bjpenn\">BJPenn.com<\/a> on 6\/7\/2017.<\/p>\n","protected":false},"excerpt":{"rendered":"<p>This past weekend, in the co-main event of UFC 212, former UFC strawweight title challengers Claudia Gadelha and Karolina Kowalkiewicz stepped into the Octagon for a pivotal scrap that saw Gadelha pick up an early 1st round submission win. The win was a particularly impressive one for Gadelha, who is now on a 2-fight win [&hellip;]<\/p>\n","protected":false},"author":16,"featured_media":209997,"comment_status":"closed","ping_status":"closed","sticky":false,"template":"","format":"standard","meta":{"_mi_skip_tracking":false},"categories":[10432],"tags":[],"yoast_head":"<!-- This site is optimized with the Yoast SEO Premium plugin v19.7 (Yoast SEO v19.14) - https:\/\/yoast.com\/wordpress\/plugins\/seo\/ -->\n<title>Karolina Kowalkiewicz breaks silence following UFC 212 loss | BJPenn.com<\/title>\n<meta name=\"description\" content=\"Karolina Kowalkiewicz reflects on her recent UFC 212 loss to Claudia Gadelha this past weekend, breaking her silence with a lengthy post.\" \/>\n<meta name=\"robots\" content=\"index, follow, max-snippet:-1, max-image-preview:large, max-video-preview:-1\" \/>\n<link rel=\"canonical\" href=\"https:\/\/staging.tcpcharms.com\/bjpenn\/mma-news\/karolina-kowalkiewicz\/karolina-kowalkiewicz-breaks-silence-following-ufc-212-loss\/\" \/>\n<meta property=\"og:locale\" content=\"en_US\" \/>\n<meta property=\"og:type\" content=\"article\" \/>\n<meta property=\"og:title\" content=\"Karolina Kowalkiewicz breaks silence following UFC 212 loss | BJPenn.com\" \/>\n<meta property=\"og:description\" content=\"Karolina Kowalkiewicz reflects on her recent UFC 212 loss to Claudia Gadelha this past weekend, breaking her silence with a lengthy post.\" \/>\n<meta property=\"og:url\" content=\"https:\/\/staging.tcpcharms.com\/bjpenn\/mma-news\/karolina-kowalkiewicz\/karolina-kowalkiewicz-breaks-silence-following-ufc-212-loss\/\" \/>\n<meta property=\"og:site_name\" content=\"| BJPenn.com\" \/>\n<meta property=\"article:publisher\" content=\"https:\/\/www.facebook.com\/bjpenn\" \/>\n<meta property=\"article:published_time\" content=\"2017-06-07T16:44:51+00:00\" \/>\n<meta property=\"og:image\" content=\"https:\/\/staging.tcpcharms.com\/bjpenn\/wp-content\/uploads\/2016\/11\/Karolina-Kowalkiewicz-.png\" \/>\n\t<meta property=\"og:image:width\" content=\"730\" \/>\n\t<meta property=\"og:image:height\" content=\"380\" \/>\n\t<meta property=\"og:image:type\" content=\"image\/png\" \/>\n<meta name=\"author\" content=\"bjpenndotcom\" \/>\n<meta name=\"twitter:card\" content=\"summary_large_image\" \/>\n<meta name=\"twitter:creator\" content=\"@bjpenndotcom\" \/>\n<meta name=\"twitter:site\" content=\"@bjpenndotcom\" \/>\n<meta name=\"twitter:label1\" content=\"Written by\" \/>\n\t<meta name=\"twitter:data1\" content=\"bjpenndotcom\" \/>\n\t<meta name=\"twitter:label2\" content=\"Est. reading time\" \/>\n\t<meta name=\"twitter:data2\" content=\"3 minutes\" \/>\n<script type=\"application\/ld+json\" class=\"yoast-schema-graph\">{\"@context\":\"https:\/\/schema.org\",\"@graph\":[{\"@type\":\"Article\",\"@id\":\"https:\/\/staging.tcpcharms.com\/bjpenn\/mma-news\/karolina-kowalkiewicz\/karolina-kowalkiewicz-breaks-silence-following-ufc-212-loss\/#article\",\"isPartOf\":{\"@id\":\"https:\/\/staging.tcpcharms.com\/bjpenn\/mma-news\/karolina-kowalkiewicz\/karolina-kowalkiewicz-breaks-silence-following-ufc-212-loss\/\"},\"author\":{\"name\":\"bjpenndotcom\",\"@id\":\"https:\/\/staging.tcpcharms.com\/bjpenn\/#\/schema\/person\/7c8b8d1602cb47040b7a5cd250d5b90a\"},\"headline\":\"Karolina Kowalkiewicz breaks silence following UFC 212 loss\",\"datePublished\":\"2017-06-07T16:44:51+00:00\",\"dateModified\":\"2017-06-07T16:44:51+00:00\",\"mainEntityOfPage\":{\"@id\":\"https:\/\/staging.tcpcharms.com\/bjpenn\/mma-news\/karolina-kowalkiewicz\/karolina-kowalkiewicz-breaks-silence-following-ufc-212-loss\/\"},\"wordCount\":527,\"publisher\":{\"@id\":\"https:\/\/staging.tcpcharms.com\/bjpenn\/#organization\"},\"articleSection\":[\"Karolina Kowalkiewicz\"],\"inLanguage\":\"en-US\",\"copyrightYear\":\"2017\",\"copyrightHolder\":{\"@id\":\"https:\/\/staging.tcpcharms.com\/bjpenn\/#organization\"}},{\"@type\":\"WebPage\",\"@id\":\"https:\/\/staging.tcpcharms.com\/bjpenn\/mma-news\/karolina-kowalkiewicz\/karolina-kowalkiewicz-breaks-silence-following-ufc-212-loss\/\",\"url\":\"https:\/\/staging.tcpcharms.com\/bjpenn\/mma-news\/karolina-kowalkiewicz\/karolina-kowalkiewicz-breaks-silence-following-ufc-212-loss\/\",\"name\":\"Karolina Kowalkiewicz breaks silence following UFC 212 loss | BJPenn.com\",\"isPartOf\":{\"@id\":\"https:\/\/staging.tcpcharms.com\/bjpenn\/#website\"},\"datePublished\":\"2017-06-07T16:44:51+00:00\",\"dateModified\":\"2017-06-07T16:44:51+00:00\",\"description\":\"Karolina Kowalkiewicz reflects on her recent UFC 212 loss to Claudia Gadelha this past weekend, breaking her silence with a lengthy post.\",\"breadcrumb\":{\"@id\":\"https:\/\/staging.tcpcharms.com\/bjpenn\/mma-news\/karolina-kowalkiewicz\/karolina-kowalkiewicz-breaks-silence-following-ufc-212-loss\/#breadcrumb\"},\"inLanguage\":\"en-US\",\"potentialAction\":[{\"@type\":\"ReadAction\",\"target\":[\"https:\/\/staging.tcpcharms.com\/bjpenn\/mma-news\/karolina-kowalkiewicz\/karolina-kowalkiewicz-breaks-silence-following-ufc-212-loss\/\"]}]},{\"@type\":\"BreadcrumbList\",\"@id\":\"https:\/\/staging.tcpcharms.com\/bjpenn\/mma-news\/karolina-kowalkiewicz\/karolina-kowalkiewicz-breaks-silence-following-ufc-212-loss\/#breadcrumb\",\"itemListElement\":[{\"@type\":\"ListItem\",\"position\":1,\"name\":\"Home\",\"item\":\"https:\/\/staging.tcpcharms.com\/bjpenn\/\"},{\"@type\":\"ListItem\",\"position\":2,\"name\":\"MMA News\",\"item\":\"https:\/\/staging.tcpcharms.com\/bjpenn\/mma-news\/\"},{\"@type\":\"ListItem\",\"position\":3,\"name\":\"Karolina Kowalkiewicz\",\"item\":\"https:\/\/staging.tcpcharms.com\/bjpenn\/mma-news\/karolina-kowalkiewicz\/\"},{\"@type\":\"ListItem\",\"position\":4,\"name\":\"Karolina Kowalkiewicz breaks silence following UFC 212 loss\"}]},{\"@type\":\"WebSite\",\"@id\":\"https:\/\/staging.tcpcharms.com\/bjpenn\/#website\",\"url\":\"https:\/\/staging.tcpcharms.com\/bjpenn\/\",\"name\":\"| BJPenn.com\",\"description\":\"MMA &amp; UFC News, Results &amp; Fight Videos\",\"publisher\":{\"@id\":\"https:\/\/staging.tcpcharms.com\/bjpenn\/#organization\"},\"potentialAction\":[{\"@type\":\"SearchAction\",\"target\":{\"@type\":\"EntryPoint\",\"urlTemplate\":\"https:\/\/staging.tcpcharms.com\/bjpenn\/?s={search_term_string}\"},\"query-input\":\"required name=search_term_string\"}],\"inLanguage\":\"en-US\"},{\"@type\":\"Organization\",\"@id\":\"https:\/\/staging.tcpcharms.com\/bjpenn\/#organization\",\"name\":\"| BJPenn.com\",\"url\":\"https:\/\/staging.tcpcharms.com\/bjpenn\/\",\"logo\":{\"@type\":\"ImageObject\",\"inLanguage\":\"en-US\",\"@id\":\"https:\/\/staging.tcpcharms.com\/bjpenn\/#\/schema\/logo\/image\/\",\"url\":\"http:\/\/staging.tcpcharms.com\/bjpenn\/wp-content\/uploads\/2022\/01\/bj_penn_logo_amp.png\",\"contentUrl\":\"http:\/\/staging.tcpcharms.com\/bjpenn\/wp-content\/uploads\/2022\/01\/bj_penn_logo_amp.png\",\"width\":600,\"height\":148,\"caption\":\"| BJPenn.com\"},\"image\":{\"@id\":\"https:\/\/staging.tcpcharms.com\/bjpenn\/#\/schema\/logo\/image\/\"},\"sameAs\":[\"https:\/\/instagram.com\/bjpenn\",\"https:\/\/www.linkedin.com\/in\/bjpenn\",\"https:\/\/www.pinterest.com\/bjpenndotcom\/\",\"https:\/\/www.youtube.com\/user\/0fficialbjpenn\",\"https:\/\/www.facebook.com\/bjpenn\",\"https:\/\/twitter.com\/bjpenndotcom\"]},{\"@type\":\"Person\",\"@id\":\"https:\/\/staging.tcpcharms.com\/bjpenn\/#\/schema\/person\/7c8b8d1602cb47040b7a5cd250d5b90a\",\"name\":\"bjpenndotcom\",\"description\":\"UFC NEWS - MMA NEWS\",\"sameAs\":[\"http:\/\/staging.tcpcharms.com\/bjpenn\"],\"url\":\"https:\/\/staging.tcpcharms.com\/bjpenn\/author\/bjpenndotcom\/\"}]}<\/script>\n<!-- \/ Yoast SEO Premium plugin. -->","yoast_head_json":{"title":"Karolina Kowalkiewicz breaks silence following UFC 212 loss | BJPenn.com","description":"Karolina Kowalkiewicz reflects on her recent UFC 212 loss to Claudia Gadelha this past weekend, breaking her silence with a lengthy post.","robots":{"index":"index","follow":"follow","max-snippet":"max-snippet:-1","max-image-preview":"max-image-preview:large","max-video-preview":"max-video-preview:-1"},"canonical":"https:\/\/staging.tcpcharms.com\/bjpenn\/mma-news\/karolina-kowalkiewicz\/karolina-kowalkiewicz-breaks-silence-following-ufc-212-loss\/","og_locale":"en_US","og_type":"article","og_title":"Karolina Kowalkiewicz breaks silence following UFC 212 loss | BJPenn.com","og_description":"Karolina Kowalkiewicz reflects on her recent UFC 212 loss to Claudia Gadelha this past weekend, breaking her silence with a lengthy post.","og_url":"https:\/\/staging.tcpcharms.com\/bjpenn\/mma-news\/karolina-kowalkiewicz\/karolina-kowalkiewicz-breaks-silence-following-ufc-212-loss\/","og_site_name":"| BJPenn.com","article_publisher":"https:\/\/www.facebook.com\/bjpenn","article_published_time":"2017-06-07T16:44:51+00:00","og_image":[{"width":730,"height":380,"url":"https:\/\/staging.tcpcharms.com\/bjpenn\/wp-content\/uploads\/2016\/11\/Karolina-Kowalkiewicz-.png","type":"image\/png"}],"author":"bjpenndotcom","twitter_card":"summary_large_image","twitter_creator":"@bjpenndotcom","twitter_site":"@bjpenndotcom","twitter_misc":{"Written by":"bjpenndotcom","Est. reading time":"3 minutes"},"schema":{"@context":"https:\/\/schema.org","@graph":[{"@type":"Article","@id":"https:\/\/staging.tcpcharms.com\/bjpenn\/mma-news\/karolina-kowalkiewicz\/karolina-kowalkiewicz-breaks-silence-following-ufc-212-loss\/#article","isPartOf":{"@id":"https:\/\/staging.tcpcharms.com\/bjpenn\/mma-news\/karolina-kowalkiewicz\/karolina-kowalkiewicz-breaks-silence-following-ufc-212-loss\/"},"author":{"name":"bjpenndotcom","@id":"https:\/\/staging.tcpcharms.com\/bjpenn\/#\/schema\/person\/7c8b8d1602cb47040b7a5cd250d5b90a"},"headline":"Karolina Kowalkiewicz breaks silence following UFC 212 loss","datePublished":"2017-06-07T16:44:51+00:00","dateModified":"2017-06-07T16:44:51+00:00","mainEntityOfPage":{"@id":"https:\/\/staging.tcpcharms.com\/bjpenn\/mma-news\/karolina-kowalkiewicz\/karolina-kowalkiewicz-breaks-silence-following-ufc-212-loss\/"},"wordCount":527,"publisher":{"@id":"https:\/\/staging.tcpcharms.com\/bjpenn\/#organization"},"articleSection":["Karolina Kowalkiewicz"],"inLanguage":"en-US","copyrightYear":"2017","copyrightHolder":{"@id":"https:\/\/staging.tcpcharms.com\/bjpenn\/#organization"}},{"@type":"WebPage","@id":"https:\/\/staging.tcpcharms.com\/bjpenn\/mma-news\/karolina-kowalkiewicz\/karolina-kowalkiewicz-breaks-silence-following-ufc-212-loss\/","url":"https:\/\/staging.tcpcharms.com\/bjpenn\/mma-news\/karolina-kowalkiewicz\/karolina-kowalkiewicz-breaks-silence-following-ufc-212-loss\/","name":"Karolina Kowalkiewicz breaks silence following UFC 212 loss | BJPenn.com","isPartOf":{"@id":"https:\/\/staging.tcpcharms.com\/bjpenn\/#website"},"datePublished":"2017-06-07T16:44:51+00:00","dateModified":"2017-06-07T16:44:51+00:00","description":"Karolina Kowalkiewicz reflects on her recent UFC 212 loss to Claudia Gadelha this past weekend, breaking her silence with a lengthy post.","breadcrumb":{"@id":"https:\/\/staging.tcpcharms.com\/bjpenn\/mma-news\/karolina-kowalkiewicz\/karolina-kowalkiewicz-breaks-silence-following-ufc-212-loss\/#breadcrumb"},"inLanguage":"en-US","potentialAction":[{"@type":"ReadAction","target":["https:\/\/staging.tcpcharms.com\/bjpenn\/mma-news\/karolina-kowalkiewicz\/karolina-kowalkiewicz-breaks-silence-following-ufc-212-loss\/"]}]},{"@type":"BreadcrumbList","@id":"https:\/\/staging.tcpcharms.com\/bjpenn\/mma-news\/karolina-kowalkiewicz\/karolina-kowalkiewicz-breaks-silence-following-ufc-212-loss\/#breadcrumb","itemListElement":[{"@type":"ListItem","position":1,"name":"Home","item":"https:\/\/staging.tcpcharms.com\/bjpenn\/"},{"@type":"ListItem","position":2,"name":"MMA News","item":"https:\/\/staging.tcpcharms.com\/bjpenn\/mma-news\/"},{"@type":"ListItem","position":3,"name":"Karolina Kowalkiewicz","item":"https:\/\/staging.tcpcharms.com\/bjpenn\/mma-news\/karolina-kowalkiewicz\/"},{"@type":"ListItem","position":4,"name":"Karolina Kowalkiewicz breaks silence following UFC 212 loss"}]},{"@type":"WebSite","@id":"https:\/\/staging.tcpcharms.com\/bjpenn\/#website","url":"https:\/\/staging.tcpcharms.com\/bjpenn\/","name":"| BJPenn.com","description":"MMA &amp; UFC News, Results &amp; Fight Videos","publisher":{"@id":"https:\/\/staging.tcpcharms.com\/bjpenn\/#organization"},"potentialAction":[{"@type":"SearchAction","target":{"@type":"EntryPoint","urlTemplate":"https:\/\/staging.tcpcharms.com\/bjpenn\/?s={search_term_string}"},"query-input":"required name=search_term_string"}],"inLanguage":"en-US"},{"@type":"Organization","@id":"https:\/\/staging.tcpcharms.com\/bjpenn\/#organization","name":"| BJPenn.com","url":"https:\/\/staging.tcpcharms.com\/bjpenn\/","logo":{"@type":"ImageObject","inLanguage":"en-US","@id":"https:\/\/staging.tcpcharms.com\/bjpenn\/#\/schema\/logo\/image\/","url":"http:\/\/staging.tcpcharms.com\/bjpenn\/wp-content\/uploads\/2022\/01\/bj_penn_logo_amp.png","contentUrl":"http:\/\/staging.tcpcharms.com\/bjpenn\/wp-content\/uploads\/2022\/01\/bj_penn_logo_amp.png","width":600,"height":148,"caption":"| BJPenn.com"},"image":{"@id":"https:\/\/staging.tcpcharms.com\/bjpenn\/#\/schema\/logo\/image\/"},"sameAs":["https:\/\/instagram.com\/bjpenn","https:\/\/www.linkedin.com\/in\/bjpenn","https:\/\/www.pinterest.com\/bjpenndotcom\/","https:\/\/www.youtube.com\/user\/0fficialbjpenn","https:\/\/www.facebook.com\/bjpenn","https:\/\/twitter.com\/bjpenndotcom"]},{"@type":"Person","@id":"https:\/\/staging.tcpcharms.com\/bjpenn\/#\/schema\/person\/7c8b8d1602cb47040b7a5cd250d5b90a","name":"bjpenndotcom","description":"UFC NEWS - MMA NEWS","sameAs":["http:\/\/staging.tcpcharms.com\/bjpenn"],"url":"https:\/\/staging.tcpcharms.com\/bjpenn\/author\/bjpenndotcom\/"}]}},"amp_enabled":true,"_links":{"self":[{"href":"https:\/\/staging.tcpcharms.com\/bjpenn\/wp-json\/wp\/v2\/posts\/240923"}],"collection":[{"href":"https:\/\/staging.tcpcharms.com\/bjpenn\/wp-json\/wp\/v2\/posts"}],"about":[{"href":"https:\/\/staging.tcpcharms.com\/bjpenn\/wp-json\/wp\/v2\/types\/post"}],"author":[{"embeddable":true,"href":"https:\/\/staging.tcpcharms.com\/bjpenn\/wp-json\/wp\/v2\/users\/16"}],"replies":[{"embeddable":true,"href":"https:\/\/staging.tcpcharms.com\/bjpenn\/wp-json\/wp\/v2\/comments?post=240923"}],"version-history":[{"count":0,"href":"https:\/\/staging.tcpcharms.com\/bjpenn\/wp-json\/wp\/v2\/posts\/240923\/revisions"}],"wp:featuredmedia":[{"embeddable":true,"href":"https:\/\/staging.tcpcharms.com\/bjpenn\/wp-json\/wp\/v2\/media\/209997"}],"wp:attachment":[{"href":"https:\/\/staging.tcpcharms.com\/bjpenn\/wp-json\/wp\/v2\/media?parent=240923"}],"wp:term":[{"taxonomy":"category","embeddable":true,"href":"https:\/\/staging.tcpcharms.com\/bjpenn\/wp-json\/wp\/v2\/categories?post=240923"},{"taxonomy":"post_tag","embeddable":true,"href":"https:\/\/staging.tcpcharms.com\/bjpenn\/wp-json\/wp\/v2\/tags?post=240923"}],"curies":[{"name":"wp","href":"https:\/\/api.w.org\/{rel}","templated":true}]}}