{"id":240683,"date":"2017-06-05T13:47:57","date_gmt":"2017-06-05T20:47:57","guid":{"rendered":"http:\/\/staging.tcpcharms.com\/bjpenn\/?p=240683"},"modified":"2017-06-05T13:47:57","modified_gmt":"2017-06-05T20:47:57","slug":"jose-aldo-releases-first-statement-since-loss-to-max-holloway","status":"publish","type":"post","link":"https:\/\/staging.tcpcharms.com\/bjpenn\/mma-news\/jose-aldo\/jose-aldo-releases-first-statement-since-loss-to-max-holloway\/","title":{"rendered":"Jose Aldo releases first statement since loss to Max Holloway"},"content":{"rendered":"<p>A new undisputed UFC featherweight champion was crowned over the weekend as Max Holloway took a third round TKO win over Jose Aldo at <a href=\"http:\/\/staging.tcpcharms.com\/bjpenn\/mma-news\/ufc-212\/ufc-212-live-results\/\">UFC 212<\/a>.<\/p>\n<p>Holloway played spoiler to the night as he took out Aldo in front of his countrymen in Rio de Janeiro, Brazil.<\/p>\n<p><img decoding=\"async\" loading=\"lazy\" width=\"730\" height=\"380\" src=\"http:\/\/staging.tcpcharms.com\/bjpenn\/wp-content\/uploads\/2017\/06\/Max-Holloway-2.png\" alt=\"Max Holloway\" class=\"alignnone size-full wp-image-240687\" srcset=\"https:\/\/staging.tcpcharms.com\/bjpenn\/wp-content\/uploads\/2017\/06\/Max-Holloway-2.png 730w, https:\/\/staging.tcpcharms.com\/bjpenn\/wp-content\/uploads\/2017\/06\/Max-Holloway-2-300x156.png 300w, https:\/\/staging.tcpcharms.com\/bjpenn\/wp-content\/uploads\/2017\/06\/Max-Holloway-2-585x305.png 585w, https:\/\/staging.tcpcharms.com\/bjpenn\/wp-content\/uploads\/2017\/06\/Max-Holloway-2-390x203.png 390w\" sizes=\"(max-width: 730px) 100vw, 730px\" \/><\/p>\n<p>&#8220;I gotta thank Brazil,&#8221; Holloway said in the Octagon following his TKO victory. &#8220;You guys showed me nothing but love over here. I understand you guys have to cheer on your fellow countrymen but at the end of the day you guys fight fans and I love you for that.&#8221;<\/p>\n<p>Aldo did not speak following the loss and was not present for the UFC 212 post-fight press conference. However, on Monday, Aldo released a statement on social media.<\/p>\n<p>\u201cBe content to act, and leave the talking to others\u201d \u2013 Baltasar Gracian,\u201d Aldo wrote in his post (translated by <a href=\"https:\/\/themaclife.com\/sports\/mma\/jose-aldo-speaks-following-loss-max-holloway\/\" target=\"_blank\">The Mac Life<\/a>). \u201cI only have to thank my \u2018dad\u2019 Andre Pederneiras, the best team in the world, Nova Uniao, because if it wasn\u2019t for them I wouldn\u2019t be the people\u2019s champion, and (thank) all my trainers, who did a super well done job and got me ready, and all my fans who are always with me, here\u2019s my love and my thank you. I\u2019m speechless with all the love I\u2019ve received until today, and every word you send to me. Thank you.<\/p>\n<p>\u201cThe rest, f**k it, because I\u2019ll come back, because we go down so we can get back up!! That\u2019s it!! We\u2019ll be back!!\u201d<\/p>\n<blockquote class=\"instagram-media\" data-instgrm-captioned data-instgrm-version=\"7\" style=\" background:#FFF; border:0; border-radius:3px; box-shadow:0 0 1px 0 rgba(0,0,0,0.5),0 1px 10px 0 rgba(0,0,0,0.15); margin: 1px; max-width:658px; padding:0; width:99.375%; width:-webkit-calc(100% - 2px); width:calc(100% - 2px);\">\n<div style=\"padding:8px;\">\n<div style=\" background:#F8F8F8; line-height:0; margin-top:40px; padding:50.0% 0; text-align:center; width:100%;\">\n<div style=\" background:url(data:image\/png;base64,iVBORw0KGgoAAAANSUhEUgAAACwAAAAsCAMAAAApWqozAAAABGdBTUEAALGPC\/xhBQAAAAFzUkdCAK7OHOkAAAAMUExURczMzPf399fX1+bm5mzY9AMAAADiSURBVDjLvZXbEsMgCES5\/P8\/t9FuRVCRmU73JWlzosgSIIZURCjo\/ad+EQJJB4Hv8BFt+IDpQoCx1wjOSBFhh2XssxEIYn3ulI\/6MNReE07UIWJEv8UEOWDS88LY97kqyTliJKKtuYBbruAyVh5wOHiXmpi5we58Ek028czwyuQdLKPG1Bkb4NnM+VeAnfHqn1k4+GPT6uGQcvu2h2OVuIf\/gWUFyy8OWEpdyZSa3aVCqpVoVvzZZ2VTnn2wU8qzVjDDetO90GSy9mVLqtgYSy231MxrY6I2gGqjrTY0L8fxCxfCBbhWrsYYAAAAAElFTkSuQmCC); display:block; height:44px; margin:0 auto -44px; position:relative; top:-22px; width:44px;\"><\/div>\n<\/div>\n<p style=\" margin:8px 0 0 0; padding:0 4px;\"> <a href=\"https:\/\/www.instagram.com\/p\/BU-CQerDJ8H\/\" style=\" color:#000; font-family:Arial,sans-serif; font-size:14px; font-style:normal; font-weight:normal; line-height:17px; text-decoration:none; word-wrap:break-word;\" target=\"_blank\">&#34;Fique contente em agir. Deixe a fala para os outros&#34; \u2013 Baltasar Graci\u00e1n S\u00f3 tenho a agradecer ao Paiz\u00e3o Andre Pederneiras, \u00e0 melhor equipe do mundo #novauniao pois se n\u00e3o fosse eles n\u00e3o seria o #ocampe\u00e3odopovo, a todos meus treinadores que fizeram o trabalho super bem feito e me deixaram pronto e a todo os f\u00e3s que sempre est\u00e3o comigo, aqui fica meu carinho e o meu muito obrigado. Fico at\u00e9 sem palavras pra falar de todo o carinho que recebi e recebo at\u00e9 hoje, a cada palavras de carinho que me mandam. Obrigado. O resto foda-se pq vou voltar, pq ca\u00edmos pra nos levantarmos!! Ent\u00e3o \u00e9 isso!! Vamos voltar!!<\/a><\/p>\n<p style=\" color:#c9c8cd; font-family:Arial,sans-serif; font-size:14px; line-height:17px; margin-bottom:0; margin-top:8px; overflow:hidden; padding:8px 0 7px; text-align:center; text-overflow:ellipsis; white-space:nowrap;\">A post shared by josealdojunioroficial (@josealdojunioroficial) on <time style=\" font-family:Arial,sans-serif; font-size:14px; line-height:17px;\" datetime=\"2017-06-05T19:16:46+00:00\">Jun 5, 2017 at 12:16pm PDT<\/time><\/p>\n<\/div>\n<\/blockquote>\n<p> <script async defer src=\"\/\/platform.instagram.com\/en_US\/embeds.js\"><\/script><\/p>\n<p>Do you think we will see Jose Aldo back in the UFC Octagon soon? Who would you like to see &#8220;Scarface&#8221; fight following the championship fight loss? Let&#8217;s get some names for some potential matchups in the comment section!<\/p>\n<p><img decoding=\"async\" loading=\"lazy\" width=\"730\" height=\"380\" src=\"http:\/\/staging.tcpcharms.com\/bjpenn\/wp-content\/uploads\/2016\/03\/aldo.png\" alt=\"Jose Aldo\" class=\"alignnone size-full wp-image-188180\" srcset=\"https:\/\/staging.tcpcharms.com\/bjpenn\/wp-content\/uploads\/2016\/03\/aldo.png 730w, https:\/\/staging.tcpcharms.com\/bjpenn\/wp-content\/uploads\/2016\/03\/aldo-300x156.png 300w, https:\/\/staging.tcpcharms.com\/bjpenn\/wp-content\/uploads\/2016\/03\/aldo-585x305.png 585w, https:\/\/staging.tcpcharms.com\/bjpenn\/wp-content\/uploads\/2016\/03\/aldo-390x203.png 390w\" sizes=\"(max-width: 730px) 100vw, 730px\" \/><\/p>\n<p>This article first appeared on <a href=\"http:\/\/staging.tcpcharms.com\/bjpenn\">BJPenn.com<\/a> on 6\/5\/2017.<\/p>\n","protected":false},"excerpt":{"rendered":"<p>A new undisputed UFC featherweight champion was crowned over the weekend as Max Holloway took a third round TKO win over Jose Aldo at UFC 212. Holloway played spoiler to the night as he took out Aldo in front of his countrymen in Rio de Janeiro, Brazil. &#8220;I gotta thank Brazil,&#8221; Holloway said in the [&hellip;]<\/p>\n","protected":false},"author":54422,"featured_media":240636,"comment_status":"closed","ping_status":"closed","sticky":false,"template":"","format":"standard","meta":{"_mi_skip_tracking":false},"categories":[10145,10147],"tags":[],"yoast_head":"<!-- This site is optimized with the Yoast SEO Premium plugin v19.7 (Yoast SEO v19.14) - https:\/\/yoast.com\/wordpress\/plugins\/seo\/ -->\n<title>Jose Aldo releases first statement since loss to Max Holloway | BJPenn.com<\/title>\n<meta name=\"description\" content=\"A new undisputed UFC featherweight champion was crowned over the weekend as Max Holloway took a third round TKO win over Jose Aldo at UFC 212.\" \/>\n<meta name=\"robots\" content=\"index, follow, max-snippet:-1, max-image-preview:large, max-video-preview:-1\" \/>\n<link rel=\"canonical\" href=\"https:\/\/staging.tcpcharms.com\/bjpenn\/mma-news\/jose-aldo\/jose-aldo-releases-first-statement-since-loss-to-max-holloway\/\" \/>\n<meta property=\"og:locale\" content=\"en_US\" \/>\n<meta property=\"og:type\" content=\"article\" \/>\n<meta property=\"og:title\" content=\"Jose Aldo releases first statement since loss to Max Holloway | BJPenn.com\" \/>\n<meta property=\"og:description\" content=\"A new undisputed UFC featherweight champion was crowned over the weekend as Max Holloway took a third round TKO win over Jose Aldo at UFC 212.\" \/>\n<meta property=\"og:url\" content=\"https:\/\/staging.tcpcharms.com\/bjpenn\/mma-news\/jose-aldo\/jose-aldo-releases-first-statement-since-loss-to-max-holloway\/\" \/>\n<meta property=\"og:site_name\" content=\"| BJPenn.com\" \/>\n<meta property=\"article:publisher\" content=\"https:\/\/www.facebook.com\/bjpenn\" \/>\n<meta property=\"article:published_time\" content=\"2017-06-05T20:47:57+00:00\" \/>\n<meta property=\"og:image\" content=\"https:\/\/staging.tcpcharms.com\/bjpenn\/wp-content\/uploads\/2017\/06\/Jose-Aldo-Max-Holloway-3.png\" \/>\n\t<meta property=\"og:image:width\" content=\"730\" \/>\n\t<meta property=\"og:image:height\" content=\"380\" \/>\n\t<meta property=\"og:image:type\" content=\"image\/png\" \/>\n<meta name=\"author\" content=\"Russell Ess\" \/>\n<meta name=\"twitter:card\" content=\"summary_large_image\" \/>\n<meta name=\"twitter:creator\" content=\"@bjpenndotcom\" \/>\n<meta name=\"twitter:site\" content=\"@bjpenndotcom\" \/>\n<meta name=\"twitter:label1\" content=\"Written by\" \/>\n\t<meta name=\"twitter:data1\" content=\"Russell Ess\" \/>\n\t<meta name=\"twitter:label2\" content=\"Est. reading time\" \/>\n\t<meta name=\"twitter:data2\" content=\"2 minutes\" \/>\n<script type=\"application\/ld+json\" class=\"yoast-schema-graph\">{\"@context\":\"https:\/\/schema.org\",\"@graph\":[{\"@type\":\"Article\",\"@id\":\"https:\/\/staging.tcpcharms.com\/bjpenn\/mma-news\/jose-aldo\/jose-aldo-releases-first-statement-since-loss-to-max-holloway\/#article\",\"isPartOf\":{\"@id\":\"https:\/\/staging.tcpcharms.com\/bjpenn\/mma-news\/jose-aldo\/jose-aldo-releases-first-statement-since-loss-to-max-holloway\/\"},\"author\":{\"name\":\"Russell Ess\",\"@id\":\"https:\/\/staging.tcpcharms.com\/bjpenn\/#\/schema\/person\/38bb728c4095a34ce673601d63c55be3\"},\"headline\":\"Jose Aldo releases first statement since loss to Max Holloway\",\"datePublished\":\"2017-06-05T20:47:57+00:00\",\"dateModified\":\"2017-06-05T20:47:57+00:00\",\"mainEntityOfPage\":{\"@id\":\"https:\/\/staging.tcpcharms.com\/bjpenn\/mma-news\/jose-aldo\/jose-aldo-releases-first-statement-since-loss-to-max-holloway\/\"},\"wordCount\":442,\"publisher\":{\"@id\":\"https:\/\/staging.tcpcharms.com\/bjpenn\/#organization\"},\"articleSection\":[\"Jose Aldo\",\"Max Holloway\"],\"inLanguage\":\"en-US\",\"copyrightYear\":\"2017\",\"copyrightHolder\":{\"@id\":\"https:\/\/staging.tcpcharms.com\/bjpenn\/#organization\"}},{\"@type\":\"WebPage\",\"@id\":\"https:\/\/staging.tcpcharms.com\/bjpenn\/mma-news\/jose-aldo\/jose-aldo-releases-first-statement-since-loss-to-max-holloway\/\",\"url\":\"https:\/\/staging.tcpcharms.com\/bjpenn\/mma-news\/jose-aldo\/jose-aldo-releases-first-statement-since-loss-to-max-holloway\/\",\"name\":\"Jose Aldo releases first statement since loss to Max Holloway | BJPenn.com\",\"isPartOf\":{\"@id\":\"https:\/\/staging.tcpcharms.com\/bjpenn\/#website\"},\"datePublished\":\"2017-06-05T20:47:57+00:00\",\"dateModified\":\"2017-06-05T20:47:57+00:00\",\"description\":\"A new undisputed UFC featherweight champion was crowned over the weekend as Max Holloway took a third round TKO win over Jose Aldo at UFC 212.\",\"breadcrumb\":{\"@id\":\"https:\/\/staging.tcpcharms.com\/bjpenn\/mma-news\/jose-aldo\/jose-aldo-releases-first-statement-since-loss-to-max-holloway\/#breadcrumb\"},\"inLanguage\":\"en-US\",\"potentialAction\":[{\"@type\":\"ReadAction\",\"target\":[\"https:\/\/staging.tcpcharms.com\/bjpenn\/mma-news\/jose-aldo\/jose-aldo-releases-first-statement-since-loss-to-max-holloway\/\"]}]},{\"@type\":\"BreadcrumbList\",\"@id\":\"https:\/\/staging.tcpcharms.com\/bjpenn\/mma-news\/jose-aldo\/jose-aldo-releases-first-statement-since-loss-to-max-holloway\/#breadcrumb\",\"itemListElement\":[{\"@type\":\"ListItem\",\"position\":1,\"name\":\"Home\",\"item\":\"https:\/\/staging.tcpcharms.com\/bjpenn\/\"},{\"@type\":\"ListItem\",\"position\":2,\"name\":\"MMA News\",\"item\":\"https:\/\/staging.tcpcharms.com\/bjpenn\/mma-news\/\"},{\"@type\":\"ListItem\",\"position\":3,\"name\":\"Jose Aldo\",\"item\":\"https:\/\/staging.tcpcharms.com\/bjpenn\/mma-news\/jose-aldo\/\"},{\"@type\":\"ListItem\",\"position\":4,\"name\":\"Jose Aldo releases first statement since loss to Max Holloway\"}]},{\"@type\":\"WebSite\",\"@id\":\"https:\/\/staging.tcpcharms.com\/bjpenn\/#website\",\"url\":\"https:\/\/staging.tcpcharms.com\/bjpenn\/\",\"name\":\"| BJPenn.com\",\"description\":\"MMA &amp; UFC News, Results &amp; Fight Videos\",\"publisher\":{\"@id\":\"https:\/\/staging.tcpcharms.com\/bjpenn\/#organization\"},\"potentialAction\":[{\"@type\":\"SearchAction\",\"target\":{\"@type\":\"EntryPoint\",\"urlTemplate\":\"https:\/\/staging.tcpcharms.com\/bjpenn\/?s={search_term_string}\"},\"query-input\":\"required name=search_term_string\"}],\"inLanguage\":\"en-US\"},{\"@type\":\"Organization\",\"@id\":\"https:\/\/staging.tcpcharms.com\/bjpenn\/#organization\",\"name\":\"| BJPenn.com\",\"url\":\"https:\/\/staging.tcpcharms.com\/bjpenn\/\",\"logo\":{\"@type\":\"ImageObject\",\"inLanguage\":\"en-US\",\"@id\":\"https:\/\/staging.tcpcharms.com\/bjpenn\/#\/schema\/logo\/image\/\",\"url\":\"http:\/\/staging.tcpcharms.com\/bjpenn\/wp-content\/uploads\/2022\/01\/bj_penn_logo_amp.png\",\"contentUrl\":\"http:\/\/staging.tcpcharms.com\/bjpenn\/wp-content\/uploads\/2022\/01\/bj_penn_logo_amp.png\",\"width\":600,\"height\":148,\"caption\":\"| BJPenn.com\"},\"image\":{\"@id\":\"https:\/\/staging.tcpcharms.com\/bjpenn\/#\/schema\/logo\/image\/\"},\"sameAs\":[\"https:\/\/instagram.com\/bjpenn\",\"https:\/\/www.linkedin.com\/in\/bjpenn\",\"https:\/\/www.pinterest.com\/bjpenndotcom\/\",\"https:\/\/www.youtube.com\/user\/0fficialbjpenn\",\"https:\/\/www.facebook.com\/bjpenn\",\"https:\/\/twitter.com\/bjpenndotcom\"]},{\"@type\":\"Person\",\"@id\":\"https:\/\/staging.tcpcharms.com\/bjpenn\/#\/schema\/person\/38bb728c4095a34ce673601d63c55be3\",\"name\":\"Russell Ess\",\"description\":\"Bringing you the latest buzzing fight news and entertaining fight related tidbits.\",\"sameAs\":[\"http:\/\/BJPENN.COM\"],\"url\":\"https:\/\/staging.tcpcharms.com\/bjpenn\/author\/russel-saito\/\"}]}<\/script>\n<!-- \/ Yoast SEO Premium plugin. -->","yoast_head_json":{"title":"Jose Aldo releases first statement since loss to Max Holloway | BJPenn.com","description":"A new undisputed UFC featherweight champion was crowned over the weekend as Max Holloway took a third round TKO win over Jose Aldo at UFC 212.","robots":{"index":"index","follow":"follow","max-snippet":"max-snippet:-1","max-image-preview":"max-image-preview:large","max-video-preview":"max-video-preview:-1"},"canonical":"https:\/\/staging.tcpcharms.com\/bjpenn\/mma-news\/jose-aldo\/jose-aldo-releases-first-statement-since-loss-to-max-holloway\/","og_locale":"en_US","og_type":"article","og_title":"Jose Aldo releases first statement since loss to Max Holloway | BJPenn.com","og_description":"A new undisputed UFC featherweight champion was crowned over the weekend as Max Holloway took a third round TKO win over Jose Aldo at UFC 212.","og_url":"https:\/\/staging.tcpcharms.com\/bjpenn\/mma-news\/jose-aldo\/jose-aldo-releases-first-statement-since-loss-to-max-holloway\/","og_site_name":"| BJPenn.com","article_publisher":"https:\/\/www.facebook.com\/bjpenn","article_published_time":"2017-06-05T20:47:57+00:00","og_image":[{"width":730,"height":380,"url":"https:\/\/staging.tcpcharms.com\/bjpenn\/wp-content\/uploads\/2017\/06\/Jose-Aldo-Max-Holloway-3.png","type":"image\/png"}],"author":"Russell Ess","twitter_card":"summary_large_image","twitter_creator":"@bjpenndotcom","twitter_site":"@bjpenndotcom","twitter_misc":{"Written by":"Russell Ess","Est. reading time":"2 minutes"},"schema":{"@context":"https:\/\/schema.org","@graph":[{"@type":"Article","@id":"https:\/\/staging.tcpcharms.com\/bjpenn\/mma-news\/jose-aldo\/jose-aldo-releases-first-statement-since-loss-to-max-holloway\/#article","isPartOf":{"@id":"https:\/\/staging.tcpcharms.com\/bjpenn\/mma-news\/jose-aldo\/jose-aldo-releases-first-statement-since-loss-to-max-holloway\/"},"author":{"name":"Russell Ess","@id":"https:\/\/staging.tcpcharms.com\/bjpenn\/#\/schema\/person\/38bb728c4095a34ce673601d63c55be3"},"headline":"Jose Aldo releases first statement since loss to Max Holloway","datePublished":"2017-06-05T20:47:57+00:00","dateModified":"2017-06-05T20:47:57+00:00","mainEntityOfPage":{"@id":"https:\/\/staging.tcpcharms.com\/bjpenn\/mma-news\/jose-aldo\/jose-aldo-releases-first-statement-since-loss-to-max-holloway\/"},"wordCount":442,"publisher":{"@id":"https:\/\/staging.tcpcharms.com\/bjpenn\/#organization"},"articleSection":["Jose Aldo","Max Holloway"],"inLanguage":"en-US","copyrightYear":"2017","copyrightHolder":{"@id":"https:\/\/staging.tcpcharms.com\/bjpenn\/#organization"}},{"@type":"WebPage","@id":"https:\/\/staging.tcpcharms.com\/bjpenn\/mma-news\/jose-aldo\/jose-aldo-releases-first-statement-since-loss-to-max-holloway\/","url":"https:\/\/staging.tcpcharms.com\/bjpenn\/mma-news\/jose-aldo\/jose-aldo-releases-first-statement-since-loss-to-max-holloway\/","name":"Jose Aldo releases first statement since loss to Max Holloway | BJPenn.com","isPartOf":{"@id":"https:\/\/staging.tcpcharms.com\/bjpenn\/#website"},"datePublished":"2017-06-05T20:47:57+00:00","dateModified":"2017-06-05T20:47:57+00:00","description":"A new undisputed UFC featherweight champion was crowned over the weekend as Max Holloway took a third round TKO win over Jose Aldo at UFC 212.","breadcrumb":{"@id":"https:\/\/staging.tcpcharms.com\/bjpenn\/mma-news\/jose-aldo\/jose-aldo-releases-first-statement-since-loss-to-max-holloway\/#breadcrumb"},"inLanguage":"en-US","potentialAction":[{"@type":"ReadAction","target":["https:\/\/staging.tcpcharms.com\/bjpenn\/mma-news\/jose-aldo\/jose-aldo-releases-first-statement-since-loss-to-max-holloway\/"]}]},{"@type":"BreadcrumbList","@id":"https:\/\/staging.tcpcharms.com\/bjpenn\/mma-news\/jose-aldo\/jose-aldo-releases-first-statement-since-loss-to-max-holloway\/#breadcrumb","itemListElement":[{"@type":"ListItem","position":1,"name":"Home","item":"https:\/\/staging.tcpcharms.com\/bjpenn\/"},{"@type":"ListItem","position":2,"name":"MMA News","item":"https:\/\/staging.tcpcharms.com\/bjpenn\/mma-news\/"},{"@type":"ListItem","position":3,"name":"Jose Aldo","item":"https:\/\/staging.tcpcharms.com\/bjpenn\/mma-news\/jose-aldo\/"},{"@type":"ListItem","position":4,"name":"Jose Aldo releases first statement since loss to Max Holloway"}]},{"@type":"WebSite","@id":"https:\/\/staging.tcpcharms.com\/bjpenn\/#website","url":"https:\/\/staging.tcpcharms.com\/bjpenn\/","name":"| BJPenn.com","description":"MMA &amp; UFC News, Results &amp; Fight Videos","publisher":{"@id":"https:\/\/staging.tcpcharms.com\/bjpenn\/#organization"},"potentialAction":[{"@type":"SearchAction","target":{"@type":"EntryPoint","urlTemplate":"https:\/\/staging.tcpcharms.com\/bjpenn\/?s={search_term_string}"},"query-input":"required name=search_term_string"}],"inLanguage":"en-US"},{"@type":"Organization","@id":"https:\/\/staging.tcpcharms.com\/bjpenn\/#organization","name":"| BJPenn.com","url":"https:\/\/staging.tcpcharms.com\/bjpenn\/","logo":{"@type":"ImageObject","inLanguage":"en-US","@id":"https:\/\/staging.tcpcharms.com\/bjpenn\/#\/schema\/logo\/image\/","url":"http:\/\/staging.tcpcharms.com\/bjpenn\/wp-content\/uploads\/2022\/01\/bj_penn_logo_amp.png","contentUrl":"http:\/\/staging.tcpcharms.com\/bjpenn\/wp-content\/uploads\/2022\/01\/bj_penn_logo_amp.png","width":600,"height":148,"caption":"| BJPenn.com"},"image":{"@id":"https:\/\/staging.tcpcharms.com\/bjpenn\/#\/schema\/logo\/image\/"},"sameAs":["https:\/\/instagram.com\/bjpenn","https:\/\/www.linkedin.com\/in\/bjpenn","https:\/\/www.pinterest.com\/bjpenndotcom\/","https:\/\/www.youtube.com\/user\/0fficialbjpenn","https:\/\/www.facebook.com\/bjpenn","https:\/\/twitter.com\/bjpenndotcom"]},{"@type":"Person","@id":"https:\/\/staging.tcpcharms.com\/bjpenn\/#\/schema\/person\/38bb728c4095a34ce673601d63c55be3","name":"Russell Ess","description":"Bringing you the latest buzzing fight news and entertaining fight related tidbits.","sameAs":["http:\/\/BJPENN.COM"],"url":"https:\/\/staging.tcpcharms.com\/bjpenn\/author\/russel-saito\/"}]}},"amp_enabled":true,"_links":{"self":[{"href":"https:\/\/staging.tcpcharms.com\/bjpenn\/wp-json\/wp\/v2\/posts\/240683"}],"collection":[{"href":"https:\/\/staging.tcpcharms.com\/bjpenn\/wp-json\/wp\/v2\/posts"}],"about":[{"href":"https:\/\/staging.tcpcharms.com\/bjpenn\/wp-json\/wp\/v2\/types\/post"}],"author":[{"embeddable":true,"href":"https:\/\/staging.tcpcharms.com\/bjpenn\/wp-json\/wp\/v2\/users\/54422"}],"replies":[{"embeddable":true,"href":"https:\/\/staging.tcpcharms.com\/bjpenn\/wp-json\/wp\/v2\/comments?post=240683"}],"version-history":[{"count":0,"href":"https:\/\/staging.tcpcharms.com\/bjpenn\/wp-json\/wp\/v2\/posts\/240683\/revisions"}],"wp:featuredmedia":[{"embeddable":true,"href":"https:\/\/staging.tcpcharms.com\/bjpenn\/wp-json\/wp\/v2\/media\/240636"}],"wp:attachment":[{"href":"https:\/\/staging.tcpcharms.com\/bjpenn\/wp-json\/wp\/v2\/media?parent=240683"}],"wp:term":[{"taxonomy":"category","embeddable":true,"href":"https:\/\/staging.tcpcharms.com\/bjpenn\/wp-json\/wp\/v2\/categories?post=240683"},{"taxonomy":"post_tag","embeddable":true,"href":"https:\/\/staging.tcpcharms.com\/bjpenn\/wp-json\/wp\/v2\/tags?post=240683"}],"curies":[{"name":"wp","href":"https:\/\/api.w.org\/{rel}","templated":true}]}}