{"id":235754,"date":"2017-05-01T10:50:29","date_gmt":"2017-05-01T17:50:29","guid":{"rendered":"http:\/\/staging.tcpcharms.com\/bjpenn\/?p=235754"},"modified":"2017-05-01T10:50:29","modified_gmt":"2017-05-01T17:50:29","slug":"vitor-belfort-confirms-his-retirement-fight-will-take-place-at-ufc-212","status":"publish","type":"post","link":"https:\/\/staging.tcpcharms.com\/bjpenn\/mma-news\/vitor-belfort\/vitor-belfort-confirms-his-retirement-fight-will-take-place-at-ufc-212\/","title":{"rendered":"Vitor Belfort confirms his retirement fight will take place at UFC 212"},"content":{"rendered":"<p>Vitor Belfort first fought in the UFC back in 1997 making his debut for the organization when he was 19-years-old.<\/p>\n<p>Fast-forward 20 years later to 2017 and &#8220;The Phenom&#8221; says he will be <a href=\"http:\/\/staging.tcpcharms.com\/bjpenn\/mma-news\/vitor-belfort\/report-vitor-belfort-retirement-fight-set-ufc-212\/\">hanging his gloves<\/a> up after his next fight at UFC 212 in his hometown of Rio de Janeiro, Brazil.<\/p>\n<p><a href=\"http:\/\/staging.tcpcharms.com\/bjpenn\/wp-content\/uploads\/2017\/05\/Vitor-Belfort.png\"><img decoding=\"async\" loading=\"lazy\" width=\"730\" height=\"380\" src=\"http:\/\/staging.tcpcharms.com\/bjpenn\/wp-content\/uploads\/2017\/05\/Vitor-Belfort.png\" alt=\"Vitor Belfort\" class=\"alignnone size-full wp-image-235757\" srcset=\"https:\/\/staging.tcpcharms.com\/bjpenn\/wp-content\/uploads\/2017\/05\/Vitor-Belfort.png 730w, https:\/\/staging.tcpcharms.com\/bjpenn\/wp-content\/uploads\/2017\/05\/Vitor-Belfort-300x156.png 300w, https:\/\/staging.tcpcharms.com\/bjpenn\/wp-content\/uploads\/2017\/05\/Vitor-Belfort-585x305.png 585w, https:\/\/staging.tcpcharms.com\/bjpenn\/wp-content\/uploads\/2017\/05\/Vitor-Belfort-390x203.png 390w\" sizes=\"(max-width: 730px) 100vw, 730px\" \/><\/a><\/p>\n<p>Although no official announcement by the UFC has been made on Belfort&#8217;s fight, <a href=\"http:\/\/sportv.globo.com\/site\/combate\/noticia\/2017\/04\/em-fim-de-contrato-com-o-ufc-vitor-belfort-encara-nate-marquardt-no-rio.html\" target=\"_blank\">Combate<\/a> has reported that Belfort and Nate Marquardt are being targeted for the event taking place in Brazil on June 3.<\/p>\n<p>Belfort posted the following message on social media with a collage of his memorable fights throughout his many years spent in the sport of mixed martial arts:<\/p>\n<blockquote><p>&#8220;Comecei minha jornada h\u00e1 20 anos, no UFC 12 e exatos 200 eventos depois no dia 3 de Junho, estarei fazendo minha \u00faltima luta na organiza\u00e7\u00e3o no UFC 212 na minha cidade natal, Rio de Janeiro.<br \/>\nConto com a torcida de todos vcs na arena para que eu tenha a oportunidade de agradecer pessoalmente a cada de vcs que estiveram sempre comigo.<br \/>\nVamos juntos!! <\/p>\n<p>_____________________________<\/p>\n<p>&#8220;I started my UFC journey 20 years ago, at UFC 12 and exactly 200 events after at June third, I will be making my last appearance for the organization at my hometown, Rio de Janeiro.<br \/>\nI am expecting you at the arena so I can say thank you in person to you all that have been with me along this way.<br \/>\nAlways together!!&#8221;<\/p><\/blockquote>\n<blockquote class=\"instagram-media\" data-instgrm-captioned data-instgrm-version=\"7\" style=\" background:#FFF; border:0; border-radius:3px; box-shadow:0 0 1px 0 rgba(0,0,0,0.5),0 1px 10px 0 rgba(0,0,0,0.15); margin: 1px; max-width:658px; padding:0; width:99.375%; width:-webkit-calc(100% - 2px); width:calc(100% - 2px);\">\n<div style=\"padding:8px;\">\n<div style=\" background:#F8F8F8; line-height:0; margin-top:40px; padding:50.0% 0; text-align:center; width:100%;\">\n<div style=\" background:url(data:image\/png;base64,iVBORw0KGgoAAAANSUhEUgAAACwAAAAsCAMAAAApWqozAAAABGdBTUEAALGPC\/xhBQAAAAFzUkdCAK7OHOkAAAAMUExURczMzPf399fX1+bm5mzY9AMAAADiSURBVDjLvZXbEsMgCES5\/P8\/t9FuRVCRmU73JWlzosgSIIZURCjo\/ad+EQJJB4Hv8BFt+IDpQoCx1wjOSBFhh2XssxEIYn3ulI\/6MNReE07UIWJEv8UEOWDS88LY97kqyTliJKKtuYBbruAyVh5wOHiXmpi5we58Ek028czwyuQdLKPG1Bkb4NnM+VeAnfHqn1k4+GPT6uGQcvu2h2OVuIf\/gWUFyy8OWEpdyZSa3aVCqpVoVvzZZ2VTnn2wU8qzVjDDetO90GSy9mVLqtgYSy231MxrY6I2gGqjrTY0L8fxCxfCBbhWrsYYAAAAAElFTkSuQmCC); display:block; height:44px; margin:0 auto -44px; position:relative; top:-22px; width:44px;\"><\/div>\n<\/div>\n<p style=\" margin:8px 0 0 0; padding:0 4px;\"> <a href=\"https:\/\/www.instagram.com\/p\/BThG-6slTvB\/\" style=\" color:#000; font-family:Arial,sans-serif; font-size:14px; font-style:normal; font-weight:normal; line-height:17px; text-decoration:none; word-wrap:break-word;\" target=\"_blank\">Comecei minha jornada h\u00e1 20 anos, no UFC 12 e exatos 200 eventos depois no dia 3 de Junho, estarei fazendo minha \u00faltima luta na organiza\u00e7\u00e3o no UFC 212 na minha cidade natal, Rio de Janeiro. Conto com a torcida de todos vcs na arena para que eu tenha a oportunidade de agradecer pessoalmente a cada de vcs que estiveram sempre comigo. Vamos juntos!! _____________________________I started my UFC journey 20 years ago, at UFC 12 and exactly 200 events after at June third, I will be making my last appearance for the organization at my hometown, Rio de Janeiro. I am expecting you at the arena so I can say thank you in person to you all that have been with me along this way. Always together!!<\/a><\/p>\n<p style=\" color:#c9c8cd; font-family:Arial,sans-serif; font-size:14px; line-height:17px; margin-bottom:0; margin-top:8px; overflow:hidden; padding:8px 0 7px; text-align:center; text-overflow:ellipsis; white-space:nowrap;\">A post shared by Vitor &#34;The Phenom&#34; Belfort (@vitorbelfort) on <time style=\" font-family:Arial,sans-serif; font-size:14px; line-height:17px;\" datetime=\"2017-04-30T17:08:41+00:00\">Apr 30, 2017 at 10:08am PDT<\/time><\/p>\n<\/div>\n<\/blockquote>\n<p> <script async defer src=\"\/\/platform.instagram.com\/en_US\/embeds.js\"><\/script><\/p>\n<p>Vitor Belfort is one of the pioneers of the sport that helped pave the way to where mixed martial arts is today. &#8220;The Phenom&#8221; is currently the #10 ranked middleweight <a href=\"http:\/\/staging.tcpcharms.com\/bjpenn\/mma-news\/videos\/ufc-rankings-updated-following-ufc-on-fox-24-new-contender-climbs-closer-to-bisping\/\">in the official UFC rankings<\/a> and holds a 25-14 professional MMA record, going 14-10 in the UFC. Belfort will look to snap a three-fight losing streak in his last fight in the Octagon to close the last chapter of his storied career.<\/p>\n<p><a href=\"http:\/\/staging.tcpcharms.com\/bjpenn\/wp-content\/uploads\/2016\/05\/Vitor-.png\"><img decoding=\"async\" loading=\"lazy\" width=\"730\" height=\"380\" src=\"http:\/\/staging.tcpcharms.com\/bjpenn\/wp-content\/uploads\/2016\/05\/Vitor-.png\" alt=\"Vitor Belfort\" class=\"alignnone size-full wp-image-194052\" srcset=\"https:\/\/staging.tcpcharms.com\/bjpenn\/wp-content\/uploads\/2016\/05\/Vitor-.png 730w, https:\/\/staging.tcpcharms.com\/bjpenn\/wp-content\/uploads\/2016\/05\/Vitor--300x156.png 300w, https:\/\/staging.tcpcharms.com\/bjpenn\/wp-content\/uploads\/2016\/05\/Vitor--585x305.png 585w, https:\/\/staging.tcpcharms.com\/bjpenn\/wp-content\/uploads\/2016\/05\/Vitor--390x203.png 390w\" sizes=\"(max-width: 730px) 100vw, 730px\" \/><\/a><\/p>\n<p>This article first appeared on <a href=\"http:\/\/staging.tcpcharms.com\/bjpenn\">BJPenn.com<\/a> on 5\/1\/2017.<\/p>\n","protected":false},"excerpt":{"rendered":"<p>Vitor Belfort first fought in the UFC back in 1997 making his debut for the organization when he was 19-years-old. Fast-forward 20 years later to 2017 and &#8220;The Phenom&#8221; says he will be hanging his gloves up after his next fight at UFC 212 in his hometown of Rio de Janeiro, Brazil. Although no official [&hellip;]<\/p>\n","protected":false},"author":54422,"featured_media":128288,"comment_status":"closed","ping_status":"closed","sticky":false,"template":"","format":"standard","meta":{"_mi_skip_tracking":false},"categories":[25381,10208],"tags":[],"yoast_head":"<!-- This site is optimized with the Yoast SEO Premium plugin v19.7 (Yoast SEO v19.14) - https:\/\/yoast.com\/wordpress\/plugins\/seo\/ -->\n<title>Vitor Belfort confirms his retirement fight will take place at UFC 212 | BJPenn.com<\/title>\n<meta name=\"description\" content=\"Vitor Belfort first fought in the UFC back in 1997 making his debut for the organization when he was 19-years-old. Fast-forward 20 years later to 2017...\" \/>\n<meta name=\"robots\" content=\"index, follow, max-snippet:-1, max-image-preview:large, max-video-preview:-1\" \/>\n<link rel=\"canonical\" href=\"https:\/\/staging.tcpcharms.com\/bjpenn\/mma-news\/vitor-belfort\/vitor-belfort-confirms-his-retirement-fight-will-take-place-at-ufc-212\/\" \/>\n<meta property=\"og:locale\" content=\"en_US\" \/>\n<meta property=\"og:type\" content=\"article\" \/>\n<meta property=\"og:title\" content=\"Vitor Belfort confirms his retirement fight will take place at UFC 212 | BJPenn.com\" \/>\n<meta property=\"og:description\" content=\"Vitor Belfort first fought in the UFC back in 1997 making his debut for the organization when he was 19-years-old. Fast-forward 20 years later to 2017...\" \/>\n<meta property=\"og:url\" content=\"https:\/\/staging.tcpcharms.com\/bjpenn\/mma-news\/vitor-belfort\/vitor-belfort-confirms-his-retirement-fight-will-take-place-at-ufc-212\/\" \/>\n<meta property=\"og:site_name\" content=\"| BJPenn.com\" \/>\n<meta property=\"article:publisher\" content=\"https:\/\/www.facebook.com\/bjpenn\" \/>\n<meta property=\"article:published_time\" content=\"2017-05-01T17:50:29+00:00\" \/>\n<meta property=\"og:image\" content=\"https:\/\/staging.tcpcharms.com\/bjpenn\/wp-content\/uploads\/2015\/02\/Vitor-Belfort.png\" \/>\n\t<meta property=\"og:image:width\" content=\"730\" \/>\n\t<meta property=\"og:image:height\" content=\"380\" \/>\n\t<meta property=\"og:image:type\" content=\"image\/png\" \/>\n<meta name=\"author\" content=\"Russell Ess\" \/>\n<meta name=\"twitter:card\" content=\"summary_large_image\" \/>\n<meta name=\"twitter:creator\" content=\"@bjpenndotcom\" \/>\n<meta name=\"twitter:site\" content=\"@bjpenndotcom\" \/>\n<meta name=\"twitter:label1\" content=\"Written by\" \/>\n\t<meta name=\"twitter:data1\" content=\"Russell Ess\" \/>\n\t<meta name=\"twitter:label2\" content=\"Est. reading time\" \/>\n\t<meta name=\"twitter:data2\" content=\"2 minutes\" \/>\n<script type=\"application\/ld+json\" class=\"yoast-schema-graph\">{\"@context\":\"https:\/\/schema.org\",\"@graph\":[{\"@type\":\"Article\",\"@id\":\"https:\/\/staging.tcpcharms.com\/bjpenn\/mma-news\/vitor-belfort\/vitor-belfort-confirms-his-retirement-fight-will-take-place-at-ufc-212\/#article\",\"isPartOf\":{\"@id\":\"https:\/\/staging.tcpcharms.com\/bjpenn\/mma-news\/vitor-belfort\/vitor-belfort-confirms-his-retirement-fight-will-take-place-at-ufc-212\/\"},\"author\":{\"name\":\"Russell Ess\",\"@id\":\"https:\/\/staging.tcpcharms.com\/bjpenn\/#\/schema\/person\/38bb728c4095a34ce673601d63c55be3\"},\"headline\":\"Vitor Belfort confirms his retirement fight will take place at UFC 212\",\"datePublished\":\"2017-05-01T17:50:29+00:00\",\"dateModified\":\"2017-05-01T17:50:29+00:00\",\"mainEntityOfPage\":{\"@id\":\"https:\/\/staging.tcpcharms.com\/bjpenn\/mma-news\/vitor-belfort\/vitor-belfort-confirms-his-retirement-fight-will-take-place-at-ufc-212\/\"},\"wordCount\":452,\"publisher\":{\"@id\":\"https:\/\/staging.tcpcharms.com\/bjpenn\/#organization\"},\"articleSection\":[\"Nate Marquardt\",\"Vitor Belfort\"],\"inLanguage\":\"en-US\",\"copyrightYear\":\"2017\",\"copyrightHolder\":{\"@id\":\"https:\/\/staging.tcpcharms.com\/bjpenn\/#organization\"}},{\"@type\":\"WebPage\",\"@id\":\"https:\/\/staging.tcpcharms.com\/bjpenn\/mma-news\/vitor-belfort\/vitor-belfort-confirms-his-retirement-fight-will-take-place-at-ufc-212\/\",\"url\":\"https:\/\/staging.tcpcharms.com\/bjpenn\/mma-news\/vitor-belfort\/vitor-belfort-confirms-his-retirement-fight-will-take-place-at-ufc-212\/\",\"name\":\"Vitor Belfort confirms his retirement fight will take place at UFC 212 | BJPenn.com\",\"isPartOf\":{\"@id\":\"https:\/\/staging.tcpcharms.com\/bjpenn\/#website\"},\"datePublished\":\"2017-05-01T17:50:29+00:00\",\"dateModified\":\"2017-05-01T17:50:29+00:00\",\"description\":\"Vitor Belfort first fought in the UFC back in 1997 making his debut for the organization when he was 19-years-old. Fast-forward 20 years later to 2017...\",\"breadcrumb\":{\"@id\":\"https:\/\/staging.tcpcharms.com\/bjpenn\/mma-news\/vitor-belfort\/vitor-belfort-confirms-his-retirement-fight-will-take-place-at-ufc-212\/#breadcrumb\"},\"inLanguage\":\"en-US\",\"potentialAction\":[{\"@type\":\"ReadAction\",\"target\":[\"https:\/\/staging.tcpcharms.com\/bjpenn\/mma-news\/vitor-belfort\/vitor-belfort-confirms-his-retirement-fight-will-take-place-at-ufc-212\/\"]}]},{\"@type\":\"BreadcrumbList\",\"@id\":\"https:\/\/staging.tcpcharms.com\/bjpenn\/mma-news\/vitor-belfort\/vitor-belfort-confirms-his-retirement-fight-will-take-place-at-ufc-212\/#breadcrumb\",\"itemListElement\":[{\"@type\":\"ListItem\",\"position\":1,\"name\":\"Home\",\"item\":\"https:\/\/staging.tcpcharms.com\/bjpenn\/\"},{\"@type\":\"ListItem\",\"position\":2,\"name\":\"MMA News\",\"item\":\"https:\/\/staging.tcpcharms.com\/bjpenn\/mma-news\/\"},{\"@type\":\"ListItem\",\"position\":3,\"name\":\"Vitor Belfort\",\"item\":\"https:\/\/staging.tcpcharms.com\/bjpenn\/mma-news\/vitor-belfort\/\"},{\"@type\":\"ListItem\",\"position\":4,\"name\":\"Vitor Belfort confirms his retirement fight will take place at UFC 212\"}]},{\"@type\":\"WebSite\",\"@id\":\"https:\/\/staging.tcpcharms.com\/bjpenn\/#website\",\"url\":\"https:\/\/staging.tcpcharms.com\/bjpenn\/\",\"name\":\"| BJPenn.com\",\"description\":\"MMA &amp; UFC News, Results &amp; Fight Videos\",\"publisher\":{\"@id\":\"https:\/\/staging.tcpcharms.com\/bjpenn\/#organization\"},\"potentialAction\":[{\"@type\":\"SearchAction\",\"target\":{\"@type\":\"EntryPoint\",\"urlTemplate\":\"https:\/\/staging.tcpcharms.com\/bjpenn\/?s={search_term_string}\"},\"query-input\":\"required name=search_term_string\"}],\"inLanguage\":\"en-US\"},{\"@type\":\"Organization\",\"@id\":\"https:\/\/staging.tcpcharms.com\/bjpenn\/#organization\",\"name\":\"| BJPenn.com\",\"url\":\"https:\/\/staging.tcpcharms.com\/bjpenn\/\",\"logo\":{\"@type\":\"ImageObject\",\"inLanguage\":\"en-US\",\"@id\":\"https:\/\/staging.tcpcharms.com\/bjpenn\/#\/schema\/logo\/image\/\",\"url\":\"http:\/\/staging.tcpcharms.com\/bjpenn\/wp-content\/uploads\/2022\/01\/bj_penn_logo_amp.png\",\"contentUrl\":\"http:\/\/staging.tcpcharms.com\/bjpenn\/wp-content\/uploads\/2022\/01\/bj_penn_logo_amp.png\",\"width\":600,\"height\":148,\"caption\":\"| BJPenn.com\"},\"image\":{\"@id\":\"https:\/\/staging.tcpcharms.com\/bjpenn\/#\/schema\/logo\/image\/\"},\"sameAs\":[\"https:\/\/instagram.com\/bjpenn\",\"https:\/\/www.linkedin.com\/in\/bjpenn\",\"https:\/\/www.pinterest.com\/bjpenndotcom\/\",\"https:\/\/www.youtube.com\/user\/0fficialbjpenn\",\"https:\/\/www.facebook.com\/bjpenn\",\"https:\/\/twitter.com\/bjpenndotcom\"]},{\"@type\":\"Person\",\"@id\":\"https:\/\/staging.tcpcharms.com\/bjpenn\/#\/schema\/person\/38bb728c4095a34ce673601d63c55be3\",\"name\":\"Russell Ess\",\"description\":\"Bringing you the latest buzzing fight news and entertaining fight related tidbits.\",\"sameAs\":[\"http:\/\/BJPENN.COM\"],\"url\":\"https:\/\/staging.tcpcharms.com\/bjpenn\/author\/russel-saito\/\"}]}<\/script>\n<!-- \/ Yoast SEO Premium plugin. -->","yoast_head_json":{"title":"Vitor Belfort confirms his retirement fight will take place at UFC 212 | BJPenn.com","description":"Vitor Belfort first fought in the UFC back in 1997 making his debut for the organization when he was 19-years-old. Fast-forward 20 years later to 2017...","robots":{"index":"index","follow":"follow","max-snippet":"max-snippet:-1","max-image-preview":"max-image-preview:large","max-video-preview":"max-video-preview:-1"},"canonical":"https:\/\/staging.tcpcharms.com\/bjpenn\/mma-news\/vitor-belfort\/vitor-belfort-confirms-his-retirement-fight-will-take-place-at-ufc-212\/","og_locale":"en_US","og_type":"article","og_title":"Vitor Belfort confirms his retirement fight will take place at UFC 212 | BJPenn.com","og_description":"Vitor Belfort first fought in the UFC back in 1997 making his debut for the organization when he was 19-years-old. Fast-forward 20 years later to 2017...","og_url":"https:\/\/staging.tcpcharms.com\/bjpenn\/mma-news\/vitor-belfort\/vitor-belfort-confirms-his-retirement-fight-will-take-place-at-ufc-212\/","og_site_name":"| BJPenn.com","article_publisher":"https:\/\/www.facebook.com\/bjpenn","article_published_time":"2017-05-01T17:50:29+00:00","og_image":[{"width":730,"height":380,"url":"https:\/\/staging.tcpcharms.com\/bjpenn\/wp-content\/uploads\/2015\/02\/Vitor-Belfort.png","type":"image\/png"}],"author":"Russell Ess","twitter_card":"summary_large_image","twitter_creator":"@bjpenndotcom","twitter_site":"@bjpenndotcom","twitter_misc":{"Written by":"Russell Ess","Est. reading time":"2 minutes"},"schema":{"@context":"https:\/\/schema.org","@graph":[{"@type":"Article","@id":"https:\/\/staging.tcpcharms.com\/bjpenn\/mma-news\/vitor-belfort\/vitor-belfort-confirms-his-retirement-fight-will-take-place-at-ufc-212\/#article","isPartOf":{"@id":"https:\/\/staging.tcpcharms.com\/bjpenn\/mma-news\/vitor-belfort\/vitor-belfort-confirms-his-retirement-fight-will-take-place-at-ufc-212\/"},"author":{"name":"Russell Ess","@id":"https:\/\/staging.tcpcharms.com\/bjpenn\/#\/schema\/person\/38bb728c4095a34ce673601d63c55be3"},"headline":"Vitor Belfort confirms his retirement fight will take place at UFC 212","datePublished":"2017-05-01T17:50:29+00:00","dateModified":"2017-05-01T17:50:29+00:00","mainEntityOfPage":{"@id":"https:\/\/staging.tcpcharms.com\/bjpenn\/mma-news\/vitor-belfort\/vitor-belfort-confirms-his-retirement-fight-will-take-place-at-ufc-212\/"},"wordCount":452,"publisher":{"@id":"https:\/\/staging.tcpcharms.com\/bjpenn\/#organization"},"articleSection":["Nate Marquardt","Vitor Belfort"],"inLanguage":"en-US","copyrightYear":"2017","copyrightHolder":{"@id":"https:\/\/staging.tcpcharms.com\/bjpenn\/#organization"}},{"@type":"WebPage","@id":"https:\/\/staging.tcpcharms.com\/bjpenn\/mma-news\/vitor-belfort\/vitor-belfort-confirms-his-retirement-fight-will-take-place-at-ufc-212\/","url":"https:\/\/staging.tcpcharms.com\/bjpenn\/mma-news\/vitor-belfort\/vitor-belfort-confirms-his-retirement-fight-will-take-place-at-ufc-212\/","name":"Vitor Belfort confirms his retirement fight will take place at UFC 212 | BJPenn.com","isPartOf":{"@id":"https:\/\/staging.tcpcharms.com\/bjpenn\/#website"},"datePublished":"2017-05-01T17:50:29+00:00","dateModified":"2017-05-01T17:50:29+00:00","description":"Vitor Belfort first fought in the UFC back in 1997 making his debut for the organization when he was 19-years-old. Fast-forward 20 years later to 2017...","breadcrumb":{"@id":"https:\/\/staging.tcpcharms.com\/bjpenn\/mma-news\/vitor-belfort\/vitor-belfort-confirms-his-retirement-fight-will-take-place-at-ufc-212\/#breadcrumb"},"inLanguage":"en-US","potentialAction":[{"@type":"ReadAction","target":["https:\/\/staging.tcpcharms.com\/bjpenn\/mma-news\/vitor-belfort\/vitor-belfort-confirms-his-retirement-fight-will-take-place-at-ufc-212\/"]}]},{"@type":"BreadcrumbList","@id":"https:\/\/staging.tcpcharms.com\/bjpenn\/mma-news\/vitor-belfort\/vitor-belfort-confirms-his-retirement-fight-will-take-place-at-ufc-212\/#breadcrumb","itemListElement":[{"@type":"ListItem","position":1,"name":"Home","item":"https:\/\/staging.tcpcharms.com\/bjpenn\/"},{"@type":"ListItem","position":2,"name":"MMA News","item":"https:\/\/staging.tcpcharms.com\/bjpenn\/mma-news\/"},{"@type":"ListItem","position":3,"name":"Vitor Belfort","item":"https:\/\/staging.tcpcharms.com\/bjpenn\/mma-news\/vitor-belfort\/"},{"@type":"ListItem","position":4,"name":"Vitor Belfort confirms his retirement fight will take place at UFC 212"}]},{"@type":"WebSite","@id":"https:\/\/staging.tcpcharms.com\/bjpenn\/#website","url":"https:\/\/staging.tcpcharms.com\/bjpenn\/","name":"| BJPenn.com","description":"MMA &amp; UFC News, Results &amp; Fight Videos","publisher":{"@id":"https:\/\/staging.tcpcharms.com\/bjpenn\/#organization"},"potentialAction":[{"@type":"SearchAction","target":{"@type":"EntryPoint","urlTemplate":"https:\/\/staging.tcpcharms.com\/bjpenn\/?s={search_term_string}"},"query-input":"required name=search_term_string"}],"inLanguage":"en-US"},{"@type":"Organization","@id":"https:\/\/staging.tcpcharms.com\/bjpenn\/#organization","name":"| BJPenn.com","url":"https:\/\/staging.tcpcharms.com\/bjpenn\/","logo":{"@type":"ImageObject","inLanguage":"en-US","@id":"https:\/\/staging.tcpcharms.com\/bjpenn\/#\/schema\/logo\/image\/","url":"http:\/\/staging.tcpcharms.com\/bjpenn\/wp-content\/uploads\/2022\/01\/bj_penn_logo_amp.png","contentUrl":"http:\/\/staging.tcpcharms.com\/bjpenn\/wp-content\/uploads\/2022\/01\/bj_penn_logo_amp.png","width":600,"height":148,"caption":"| BJPenn.com"},"image":{"@id":"https:\/\/staging.tcpcharms.com\/bjpenn\/#\/schema\/logo\/image\/"},"sameAs":["https:\/\/instagram.com\/bjpenn","https:\/\/www.linkedin.com\/in\/bjpenn","https:\/\/www.pinterest.com\/bjpenndotcom\/","https:\/\/www.youtube.com\/user\/0fficialbjpenn","https:\/\/www.facebook.com\/bjpenn","https:\/\/twitter.com\/bjpenndotcom"]},{"@type":"Person","@id":"https:\/\/staging.tcpcharms.com\/bjpenn\/#\/schema\/person\/38bb728c4095a34ce673601d63c55be3","name":"Russell Ess","description":"Bringing you the latest buzzing fight news and entertaining fight related tidbits.","sameAs":["http:\/\/BJPENN.COM"],"url":"https:\/\/staging.tcpcharms.com\/bjpenn\/author\/russel-saito\/"}]}},"amp_enabled":true,"_links":{"self":[{"href":"https:\/\/staging.tcpcharms.com\/bjpenn\/wp-json\/wp\/v2\/posts\/235754"}],"collection":[{"href":"https:\/\/staging.tcpcharms.com\/bjpenn\/wp-json\/wp\/v2\/posts"}],"about":[{"href":"https:\/\/staging.tcpcharms.com\/bjpenn\/wp-json\/wp\/v2\/types\/post"}],"author":[{"embeddable":true,"href":"https:\/\/staging.tcpcharms.com\/bjpenn\/wp-json\/wp\/v2\/users\/54422"}],"replies":[{"embeddable":true,"href":"https:\/\/staging.tcpcharms.com\/bjpenn\/wp-json\/wp\/v2\/comments?post=235754"}],"version-history":[{"count":0,"href":"https:\/\/staging.tcpcharms.com\/bjpenn\/wp-json\/wp\/v2\/posts\/235754\/revisions"}],"wp:featuredmedia":[{"embeddable":true,"href":"https:\/\/staging.tcpcharms.com\/bjpenn\/wp-json\/wp\/v2\/media\/128288"}],"wp:attachment":[{"href":"https:\/\/staging.tcpcharms.com\/bjpenn\/wp-json\/wp\/v2\/media?parent=235754"}],"wp:term":[{"taxonomy":"category","embeddable":true,"href":"https:\/\/staging.tcpcharms.com\/bjpenn\/wp-json\/wp\/v2\/categories?post=235754"},{"taxonomy":"post_tag","embeddable":true,"href":"https:\/\/staging.tcpcharms.com\/bjpenn\/wp-json\/wp\/v2\/tags?post=235754"}],"curies":[{"name":"wp","href":"https:\/\/api.w.org\/{rel}","templated":true}]}}