{"id":207450,"date":"2016-10-15T16:01:04","date_gmt":"2016-10-15T23:01:04","guid":{"rendered":"http:\/\/staging.tcpcharms.com\/bjpenn\/?p=207450"},"modified":"2016-10-15T16:01:04","modified_gmt":"2016-10-15T23:01:04","slug":"vitor-belfort-im-not-retired-i-want-to-fight-again-soon","status":"publish","type":"post","link":"https:\/\/staging.tcpcharms.com\/bjpenn\/mma-news\/vitor-belfort\/vitor-belfort-im-not-retired-i-want-to-fight-again-soon\/","title":{"rendered":"Vitor Belfort: &#8220;I&#8217;m not retired. &#8216;The Phenom&#8217; is back!&#8221;"},"content":{"rendered":"<p>Earlier this afternoon we reported that mixed martial arts legend Vitor &#8220;The Phenom&#8221; Belfort was hanging up\u00a0his gloves and retiring from the fight game.<\/p>\n<p>Belfort had taken to Instagram and posted the following photo which included the statement <em>\u201cI decided that I will end this chapter of my life looking at the mirror and recognizing myself.\u201d<\/em><\/p>\n<blockquote class=\"instagram-media\" style=\"background: #FFF; border: 0; border-radius: 3px; box-shadow: 0 0 1px 0 rgba(0,0,0,0.5),0 1px 10px 0 rgba(0,0,0,0.15); margin: 1px; max-width: 658px; padding: 0; width: calc(100% - 2px);\" data-instgrm-version=\"7\" data-instgrm-captioned=\"\">\n<div style=\"padding: 8px;\">\n<div style=\"background: #F8F8F8; line-height: 0; margin-top: 40px; padding: 50.0% 0; text-align: center; width: 100%;\"><\/div>\n<p style=\"margin: 8px 0 0 0; padding: 0 4px;\"><a style=\"color: #000; font-family: Arial,sans-serif; font-size: 14px; font-style: normal; font-weight: normal; line-height: 17px; text-decoration: none; word-wrap: break-word;\" href=\"https:\/\/www.instagram.com\/p\/BLmKMKljBqv\/\" target=\"_blank\">Quem n\u00e3o conhecesse os seus erros n\u00e3o \u00e9 digno de liderar a si mesmo, quanto mais as pessoas que o cercam. Reconhe\u00e7o que n\u00e3o sou perfeito, sou somente HUMANO , um SER HUMANO. O poeta j\u00e1 escreveu : &#8221; &#8211; que o amor seja eterno enquanto dure.&#8221; Esse \u00e9 um bel\u00edssimo trecho de um poema. Por\u00e9m eu o considero ing\u00eanuo. Com todo carinho e respeito ao poeta, pe\u00e7o permiss\u00e3o para reescrev\u00ea-lo da seguinte maneira: &#8221; &#8211; QUE O AMOR SEJA ETERNO ENQUANTO SEJA CULTIVADO.&#8221; Confesso que preciso cultivar meu desejo pela competi\u00e7\u00e3o dentro do oct\u00f3gono. Sei que tenho que zelar por aquela chama que sempre ardeu em mim. Tendo conhecimento pleno disso: &#8221; &#8211; DECIDI QUE CUSTE O QUE CUSTAR VOU REACENDER MAIS UMA VEZ ESSA CHAMA.&#8221; Muito obrigado pelo carinho e apoio. Vou finalizar esse cap\u00edtulo na minha vida, olhando no espelho e reconhecendo a mim mesmo. Who does not recognize your own mistakes it is not worthy to lead yourself, even less the people around him. I recognize that I am far from perfect, I am only human; a human being. Once a poet in Brazil wrote: &#8221; &#8211; may love be eternal while it lasts. It is a beautiful fragment of a poem, but a truly consider it naive. If I may and with all do respect, I would re write it like this: &#8221; &#8211; may love be eternal while we nurture it.&#8221; I confess that I need to nurture my competitive will inside the Octagon. I must cherish that fire inside of me again. Having recognized that to myself; I DECIDED TO DO WHATEVER IT TAKES TO BURN THAT FLAME AGAIN! Thanks a lot for all the support and advices. But I decided that I will end this chapter of my life looking at the mirror and recognizing myself. @mundoboxing<\/a><\/p>\n<p style=\"color: #c9c8cd; font-family: Arial,sans-serif; font-size: 14px; line-height: 17px; margin-bottom: 0; margin-top: 8px; overflow: hidden; padding: 8px 0 7px; text-align: center; text-overflow: ellipsis; white-space: nowrap;\">A photo posted by Vitor &#8220;The Phenom&#8221; Belfort (@vitorbelfort) on <time style=\"font-family: Arial,sans-serif; font-size: 14px; line-height: 17px;\" datetime=\"2016-10-15T20:01:46+00:00\">Oct 15, 2016 at 1:01pm PDT<\/time><\/p>\n<\/div>\n<\/blockquote>\n<p><script src=\"\/\/platform.instagram.com\/en_US\/embeds.js\" async=\"\" defer=\"defer\"><\/script><\/p>\n<p>However, when reached by <a href=\"http:\/\/mmajunkie.com\/2016\/10\/despite-reports-vitor-belfort-says-hes-not-retiring-the-phenom-is-back\" target=\"_blank\">MMAJunkie<\/a>, Belfort stated that his Instagram post was not what it seemed and proclaimed the following:<br \/>\n<em><br \/>\n\u201cI\u2019m not retired,\u201d <\/em>Belfort said emphatically.<em> \u201cI want to fight again soon. I am driven to get back on my feet and honor the nickname I so proudly carry. \u2018The Phenom\u2019 is back.\u201d<\/em><\/p>\n<p>He continued:<\/p>\n<p><em>\u201cI am not pleased with my two last performances and changes are being made,\u201d Belfort said. \u201cI don\u2019t want to end my career the way it is right now. I want to look at the mirror and recognize myself as a the fighter I always have been. I have 20 years in this sport, and I intend to honor that legacy.\u201d<\/em><\/p>\n<p>The 39-year-old former UFC champion has suffered back-to-back TKO losses in his past two octagon appearances at the hands of Jacare Souza and most recently Gegard Mousasi.<\/p>\n<p>Prior to those setbacks, Vitor had scored a head kick knockout victory over fellow mixed martial arts legend Dan Henderson at UFC Fight Night 77 in November of 2015.<\/p>\n<p><a href=\"http:\/\/staging.tcpcharms.com\/bjpenn\/wp-content\/uploads\/2015\/08\/Vitor-Hendo.png\"><img decoding=\"async\" loading=\"lazy\" width=\"730\" height=\"380\" class=\"alignnone size-full wp-image-161039\" src=\"http:\/\/staging.tcpcharms.com\/bjpenn\/wp-content\/uploads\/2015\/08\/Vitor-Hendo.png\" alt=\"Vitor Hendo\" srcset=\"https:\/\/staging.tcpcharms.com\/bjpenn\/wp-content\/uploads\/2015\/08\/Vitor-Hendo.png 730w, https:\/\/staging.tcpcharms.com\/bjpenn\/wp-content\/uploads\/2015\/08\/Vitor-Hendo-300x156.png 300w, https:\/\/staging.tcpcharms.com\/bjpenn\/wp-content\/uploads\/2015\/08\/Vitor-Hendo-585x305.png 585w, https:\/\/staging.tcpcharms.com\/bjpenn\/wp-content\/uploads\/2015\/08\/Vitor-Hendo-390x203.png 390w\" sizes=\"(max-width: 730px) 100vw, 730px\" \/><\/a><\/p>\n<p>Who would you like to see &#8220;The Phenom&#8221; fight in his next octagon appearance? Sound off PENN Nation!<\/p>\n","protected":false},"excerpt":{"rendered":"<p>Earlier this afternoon we reported that mixed martial arts legend Vitor &#8220;The Phenom&#8221; Belfort was hanging up\u00a0his gloves and retiring from the fight game. Belfort had taken to Instagram and posted the following photo which included the statement \u201cI decided that I will end this chapter of my life looking at the mirror and recognizing [&hellip;]<\/p>\n","protected":false},"author":19,"featured_media":194052,"comment_status":"closed","ping_status":"closed","sticky":false,"template":"","format":"standard","meta":{"_mi_skip_tracking":false},"categories":[10208],"tags":[],"yoast_head":"<!-- This site is optimized with the Yoast SEO Premium plugin v19.7 (Yoast SEO v19.14) - https:\/\/yoast.com\/wordpress\/plugins\/seo\/ -->\n<title>Vitor Belfort: &quot;I&#039;m not retired. &#039;The Phenom&#039; is back!&quot; | BJPenn.com<\/title>\n<meta name=\"robots\" content=\"index, follow, max-snippet:-1, max-image-preview:large, max-video-preview:-1\" \/>\n<link rel=\"canonical\" href=\"https:\/\/staging.tcpcharms.com\/bjpenn\/mma-news\/vitor-belfort\/vitor-belfort-im-not-retired-i-want-to-fight-again-soon\/\" \/>\n<meta property=\"og:locale\" content=\"en_US\" \/>\n<meta property=\"og:type\" content=\"article\" \/>\n<meta property=\"og:title\" content=\"Vitor Belfort: &quot;I&#039;m not retired. &#039;The Phenom&#039; is back!&quot; | BJPenn.com\" \/>\n<meta property=\"og:description\" content=\"Earlier this afternoon we reported that mixed martial arts legend Vitor &#8220;The Phenom&#8221; Belfort was hanging up\u00a0his gloves and retiring from the fight game. Belfort had taken to Instagram and posted the following photo which included the statement \u201cI decided that I will end this chapter of my life looking at the mirror and recognizing [&hellip;]\" \/>\n<meta property=\"og:url\" content=\"https:\/\/staging.tcpcharms.com\/bjpenn\/mma-news\/vitor-belfort\/vitor-belfort-im-not-retired-i-want-to-fight-again-soon\/\" \/>\n<meta property=\"og:site_name\" content=\"| BJPenn.com\" \/>\n<meta property=\"article:publisher\" content=\"https:\/\/www.facebook.com\/bjpenn\" \/>\n<meta property=\"article:published_time\" content=\"2016-10-15T23:01:04+00:00\" \/>\n<meta property=\"og:image\" content=\"https:\/\/staging.tcpcharms.com\/bjpenn\/wp-content\/uploads\/2016\/05\/Vitor-.png\" \/>\n\t<meta property=\"og:image:width\" content=\"730\" \/>\n\t<meta property=\"og:image:height\" content=\"380\" \/>\n\t<meta property=\"og:image:type\" content=\"image\/png\" \/>\n<meta name=\"author\" content=\"Chris Taylor\" \/>\n<meta name=\"twitter:card\" content=\"summary_large_image\" \/>\n<meta name=\"twitter:creator\" content=\"@https:\/\/twitter.com\/CTaylor_96\" \/>\n<meta name=\"twitter:site\" content=\"@bjpenndotcom\" \/>\n<meta name=\"twitter:label1\" content=\"Written by\" \/>\n\t<meta name=\"twitter:data1\" content=\"Chris Taylor\" \/>\n\t<meta name=\"twitter:label2\" content=\"Est. reading time\" \/>\n\t<meta name=\"twitter:data2\" content=\"3 minutes\" \/>\n<script type=\"application\/ld+json\" class=\"yoast-schema-graph\">{\"@context\":\"https:\/\/schema.org\",\"@graph\":[{\"@type\":\"Article\",\"@id\":\"https:\/\/staging.tcpcharms.com\/bjpenn\/mma-news\/vitor-belfort\/vitor-belfort-im-not-retired-i-want-to-fight-again-soon\/#article\",\"isPartOf\":{\"@id\":\"https:\/\/staging.tcpcharms.com\/bjpenn\/mma-news\/vitor-belfort\/vitor-belfort-im-not-retired-i-want-to-fight-again-soon\/\"},\"author\":{\"name\":\"Chris Taylor\",\"@id\":\"https:\/\/staging.tcpcharms.com\/bjpenn\/#\/schema\/person\/fe444b8007aa9105494afef8547151ff\"},\"headline\":\"Vitor Belfort: &#8220;I&#8217;m not retired. &#8216;The Phenom&#8217; is back!&#8221;\",\"datePublished\":\"2016-10-15T23:01:04+00:00\",\"dateModified\":\"2016-10-15T23:01:04+00:00\",\"mainEntityOfPage\":{\"@id\":\"https:\/\/staging.tcpcharms.com\/bjpenn\/mma-news\/vitor-belfort\/vitor-belfort-im-not-retired-i-want-to-fight-again-soon\/\"},\"wordCount\":578,\"publisher\":{\"@id\":\"https:\/\/staging.tcpcharms.com\/bjpenn\/#organization\"},\"articleSection\":[\"Vitor Belfort\"],\"inLanguage\":\"en-US\",\"copyrightYear\":\"2016\",\"copyrightHolder\":{\"@id\":\"https:\/\/staging.tcpcharms.com\/bjpenn\/#organization\"}},{\"@type\":\"WebPage\",\"@id\":\"https:\/\/staging.tcpcharms.com\/bjpenn\/mma-news\/vitor-belfort\/vitor-belfort-im-not-retired-i-want-to-fight-again-soon\/\",\"url\":\"https:\/\/staging.tcpcharms.com\/bjpenn\/mma-news\/vitor-belfort\/vitor-belfort-im-not-retired-i-want-to-fight-again-soon\/\",\"name\":\"Vitor Belfort: \\\"I'm not retired. 'The Phenom' is back!\\\" | BJPenn.com\",\"isPartOf\":{\"@id\":\"https:\/\/staging.tcpcharms.com\/bjpenn\/#website\"},\"datePublished\":\"2016-10-15T23:01:04+00:00\",\"dateModified\":\"2016-10-15T23:01:04+00:00\",\"breadcrumb\":{\"@id\":\"https:\/\/staging.tcpcharms.com\/bjpenn\/mma-news\/vitor-belfort\/vitor-belfort-im-not-retired-i-want-to-fight-again-soon\/#breadcrumb\"},\"inLanguage\":\"en-US\",\"potentialAction\":[{\"@type\":\"ReadAction\",\"target\":[\"https:\/\/staging.tcpcharms.com\/bjpenn\/mma-news\/vitor-belfort\/vitor-belfort-im-not-retired-i-want-to-fight-again-soon\/\"]}]},{\"@type\":\"BreadcrumbList\",\"@id\":\"https:\/\/staging.tcpcharms.com\/bjpenn\/mma-news\/vitor-belfort\/vitor-belfort-im-not-retired-i-want-to-fight-again-soon\/#breadcrumb\",\"itemListElement\":[{\"@type\":\"ListItem\",\"position\":1,\"name\":\"Home\",\"item\":\"https:\/\/staging.tcpcharms.com\/bjpenn\/\"},{\"@type\":\"ListItem\",\"position\":2,\"name\":\"MMA News\",\"item\":\"https:\/\/staging.tcpcharms.com\/bjpenn\/mma-news\/\"},{\"@type\":\"ListItem\",\"position\":3,\"name\":\"Vitor Belfort\",\"item\":\"https:\/\/staging.tcpcharms.com\/bjpenn\/mma-news\/vitor-belfort\/\"},{\"@type\":\"ListItem\",\"position\":4,\"name\":\"Vitor Belfort: &#8220;I&#8217;m not retired. &#8216;The Phenom&#8217; is back!&#8221;\"}]},{\"@type\":\"WebSite\",\"@id\":\"https:\/\/staging.tcpcharms.com\/bjpenn\/#website\",\"url\":\"https:\/\/staging.tcpcharms.com\/bjpenn\/\",\"name\":\"| BJPenn.com\",\"description\":\"MMA &amp; UFC News, Results &amp; Fight Videos\",\"publisher\":{\"@id\":\"https:\/\/staging.tcpcharms.com\/bjpenn\/#organization\"},\"potentialAction\":[{\"@type\":\"SearchAction\",\"target\":{\"@type\":\"EntryPoint\",\"urlTemplate\":\"https:\/\/staging.tcpcharms.com\/bjpenn\/?s={search_term_string}\"},\"query-input\":\"required name=search_term_string\"}],\"inLanguage\":\"en-US\"},{\"@type\":\"Organization\",\"@id\":\"https:\/\/staging.tcpcharms.com\/bjpenn\/#organization\",\"name\":\"| BJPenn.com\",\"url\":\"https:\/\/staging.tcpcharms.com\/bjpenn\/\",\"logo\":{\"@type\":\"ImageObject\",\"inLanguage\":\"en-US\",\"@id\":\"https:\/\/staging.tcpcharms.com\/bjpenn\/#\/schema\/logo\/image\/\",\"url\":\"http:\/\/staging.tcpcharms.com\/bjpenn\/wp-content\/uploads\/2022\/01\/bj_penn_logo_amp.png\",\"contentUrl\":\"http:\/\/staging.tcpcharms.com\/bjpenn\/wp-content\/uploads\/2022\/01\/bj_penn_logo_amp.png\",\"width\":600,\"height\":148,\"caption\":\"| BJPenn.com\"},\"image\":{\"@id\":\"https:\/\/staging.tcpcharms.com\/bjpenn\/#\/schema\/logo\/image\/\"},\"sameAs\":[\"https:\/\/instagram.com\/bjpenn\",\"https:\/\/www.linkedin.com\/in\/bjpenn\",\"https:\/\/www.pinterest.com\/bjpenndotcom\/\",\"https:\/\/www.youtube.com\/user\/0fficialbjpenn\",\"https:\/\/www.facebook.com\/bjpenn\",\"https:\/\/twitter.com\/bjpenndotcom\"]},{\"@type\":\"Person\",\"@id\":\"https:\/\/staging.tcpcharms.com\/bjpenn\/#\/schema\/person\/fe444b8007aa9105494afef8547151ff\",\"name\":\"Chris Taylor\",\"description\":\"Manager of former two-division UFC champion BJ Penn and his website bjpenn.com. Follow me on Twitter - @CTaylor_96\",\"sameAs\":[\"http:\/\/staging.tcpcharms.com\/bjpenn\",\"https:\/\/www.instagram.com\/ctaylor_96\/\",\"https:\/\/twitter.com\/https:\/\/twitter.com\/CTaylor_96\"],\"url\":\"https:\/\/staging.tcpcharms.com\/bjpenn\/author\/chris-taylor\/\"}]}<\/script>\n<!-- \/ Yoast SEO Premium plugin. -->","yoast_head_json":{"title":"Vitor Belfort: \"I'm not retired. 'The Phenom' is back!\" | BJPenn.com","robots":{"index":"index","follow":"follow","max-snippet":"max-snippet:-1","max-image-preview":"max-image-preview:large","max-video-preview":"max-video-preview:-1"},"canonical":"https:\/\/staging.tcpcharms.com\/bjpenn\/mma-news\/vitor-belfort\/vitor-belfort-im-not-retired-i-want-to-fight-again-soon\/","og_locale":"en_US","og_type":"article","og_title":"Vitor Belfort: \"I'm not retired. 'The Phenom' is back!\" | BJPenn.com","og_description":"Earlier this afternoon we reported that mixed martial arts legend Vitor &#8220;The Phenom&#8221; Belfort was hanging up\u00a0his gloves and retiring from the fight game. Belfort had taken to Instagram and posted the following photo which included the statement \u201cI decided that I will end this chapter of my life looking at the mirror and recognizing [&hellip;]","og_url":"https:\/\/staging.tcpcharms.com\/bjpenn\/mma-news\/vitor-belfort\/vitor-belfort-im-not-retired-i-want-to-fight-again-soon\/","og_site_name":"| BJPenn.com","article_publisher":"https:\/\/www.facebook.com\/bjpenn","article_published_time":"2016-10-15T23:01:04+00:00","og_image":[{"width":730,"height":380,"url":"https:\/\/staging.tcpcharms.com\/bjpenn\/wp-content\/uploads\/2016\/05\/Vitor-.png","type":"image\/png"}],"author":"Chris Taylor","twitter_card":"summary_large_image","twitter_creator":"@https:\/\/twitter.com\/CTaylor_96","twitter_site":"@bjpenndotcom","twitter_misc":{"Written by":"Chris Taylor","Est. reading time":"3 minutes"},"schema":{"@context":"https:\/\/schema.org","@graph":[{"@type":"Article","@id":"https:\/\/staging.tcpcharms.com\/bjpenn\/mma-news\/vitor-belfort\/vitor-belfort-im-not-retired-i-want-to-fight-again-soon\/#article","isPartOf":{"@id":"https:\/\/staging.tcpcharms.com\/bjpenn\/mma-news\/vitor-belfort\/vitor-belfort-im-not-retired-i-want-to-fight-again-soon\/"},"author":{"name":"Chris Taylor","@id":"https:\/\/staging.tcpcharms.com\/bjpenn\/#\/schema\/person\/fe444b8007aa9105494afef8547151ff"},"headline":"Vitor Belfort: &#8220;I&#8217;m not retired. &#8216;The Phenom&#8217; is back!&#8221;","datePublished":"2016-10-15T23:01:04+00:00","dateModified":"2016-10-15T23:01:04+00:00","mainEntityOfPage":{"@id":"https:\/\/staging.tcpcharms.com\/bjpenn\/mma-news\/vitor-belfort\/vitor-belfort-im-not-retired-i-want-to-fight-again-soon\/"},"wordCount":578,"publisher":{"@id":"https:\/\/staging.tcpcharms.com\/bjpenn\/#organization"},"articleSection":["Vitor Belfort"],"inLanguage":"en-US","copyrightYear":"2016","copyrightHolder":{"@id":"https:\/\/staging.tcpcharms.com\/bjpenn\/#organization"}},{"@type":"WebPage","@id":"https:\/\/staging.tcpcharms.com\/bjpenn\/mma-news\/vitor-belfort\/vitor-belfort-im-not-retired-i-want-to-fight-again-soon\/","url":"https:\/\/staging.tcpcharms.com\/bjpenn\/mma-news\/vitor-belfort\/vitor-belfort-im-not-retired-i-want-to-fight-again-soon\/","name":"Vitor Belfort: \"I'm not retired. 'The Phenom' is back!\" | BJPenn.com","isPartOf":{"@id":"https:\/\/staging.tcpcharms.com\/bjpenn\/#website"},"datePublished":"2016-10-15T23:01:04+00:00","dateModified":"2016-10-15T23:01:04+00:00","breadcrumb":{"@id":"https:\/\/staging.tcpcharms.com\/bjpenn\/mma-news\/vitor-belfort\/vitor-belfort-im-not-retired-i-want-to-fight-again-soon\/#breadcrumb"},"inLanguage":"en-US","potentialAction":[{"@type":"ReadAction","target":["https:\/\/staging.tcpcharms.com\/bjpenn\/mma-news\/vitor-belfort\/vitor-belfort-im-not-retired-i-want-to-fight-again-soon\/"]}]},{"@type":"BreadcrumbList","@id":"https:\/\/staging.tcpcharms.com\/bjpenn\/mma-news\/vitor-belfort\/vitor-belfort-im-not-retired-i-want-to-fight-again-soon\/#breadcrumb","itemListElement":[{"@type":"ListItem","position":1,"name":"Home","item":"https:\/\/staging.tcpcharms.com\/bjpenn\/"},{"@type":"ListItem","position":2,"name":"MMA News","item":"https:\/\/staging.tcpcharms.com\/bjpenn\/mma-news\/"},{"@type":"ListItem","position":3,"name":"Vitor Belfort","item":"https:\/\/staging.tcpcharms.com\/bjpenn\/mma-news\/vitor-belfort\/"},{"@type":"ListItem","position":4,"name":"Vitor Belfort: &#8220;I&#8217;m not retired. &#8216;The Phenom&#8217; is back!&#8221;"}]},{"@type":"WebSite","@id":"https:\/\/staging.tcpcharms.com\/bjpenn\/#website","url":"https:\/\/staging.tcpcharms.com\/bjpenn\/","name":"| BJPenn.com","description":"MMA &amp; UFC News, Results &amp; Fight Videos","publisher":{"@id":"https:\/\/staging.tcpcharms.com\/bjpenn\/#organization"},"potentialAction":[{"@type":"SearchAction","target":{"@type":"EntryPoint","urlTemplate":"https:\/\/staging.tcpcharms.com\/bjpenn\/?s={search_term_string}"},"query-input":"required name=search_term_string"}],"inLanguage":"en-US"},{"@type":"Organization","@id":"https:\/\/staging.tcpcharms.com\/bjpenn\/#organization","name":"| BJPenn.com","url":"https:\/\/staging.tcpcharms.com\/bjpenn\/","logo":{"@type":"ImageObject","inLanguage":"en-US","@id":"https:\/\/staging.tcpcharms.com\/bjpenn\/#\/schema\/logo\/image\/","url":"http:\/\/staging.tcpcharms.com\/bjpenn\/wp-content\/uploads\/2022\/01\/bj_penn_logo_amp.png","contentUrl":"http:\/\/staging.tcpcharms.com\/bjpenn\/wp-content\/uploads\/2022\/01\/bj_penn_logo_amp.png","width":600,"height":148,"caption":"| BJPenn.com"},"image":{"@id":"https:\/\/staging.tcpcharms.com\/bjpenn\/#\/schema\/logo\/image\/"},"sameAs":["https:\/\/instagram.com\/bjpenn","https:\/\/www.linkedin.com\/in\/bjpenn","https:\/\/www.pinterest.com\/bjpenndotcom\/","https:\/\/www.youtube.com\/user\/0fficialbjpenn","https:\/\/www.facebook.com\/bjpenn","https:\/\/twitter.com\/bjpenndotcom"]},{"@type":"Person","@id":"https:\/\/staging.tcpcharms.com\/bjpenn\/#\/schema\/person\/fe444b8007aa9105494afef8547151ff","name":"Chris Taylor","description":"Manager of former two-division UFC champion BJ Penn and his website bjpenn.com. Follow me on Twitter - @CTaylor_96","sameAs":["http:\/\/staging.tcpcharms.com\/bjpenn","https:\/\/www.instagram.com\/ctaylor_96\/","https:\/\/twitter.com\/https:\/\/twitter.com\/CTaylor_96"],"url":"https:\/\/staging.tcpcharms.com\/bjpenn\/author\/chris-taylor\/"}]}},"amp_enabled":true,"_links":{"self":[{"href":"https:\/\/staging.tcpcharms.com\/bjpenn\/wp-json\/wp\/v2\/posts\/207450"}],"collection":[{"href":"https:\/\/staging.tcpcharms.com\/bjpenn\/wp-json\/wp\/v2\/posts"}],"about":[{"href":"https:\/\/staging.tcpcharms.com\/bjpenn\/wp-json\/wp\/v2\/types\/post"}],"author":[{"embeddable":true,"href":"https:\/\/staging.tcpcharms.com\/bjpenn\/wp-json\/wp\/v2\/users\/19"}],"replies":[{"embeddable":true,"href":"https:\/\/staging.tcpcharms.com\/bjpenn\/wp-json\/wp\/v2\/comments?post=207450"}],"version-history":[{"count":0,"href":"https:\/\/staging.tcpcharms.com\/bjpenn\/wp-json\/wp\/v2\/posts\/207450\/revisions"}],"wp:featuredmedia":[{"embeddable":true,"href":"https:\/\/staging.tcpcharms.com\/bjpenn\/wp-json\/wp\/v2\/media\/194052"}],"wp:attachment":[{"href":"https:\/\/staging.tcpcharms.com\/bjpenn\/wp-json\/wp\/v2\/media?parent=207450"}],"wp:term":[{"taxonomy":"category","embeddable":true,"href":"https:\/\/staging.tcpcharms.com\/bjpenn\/wp-json\/wp\/v2\/categories?post=207450"},{"taxonomy":"post_tag","embeddable":true,"href":"https:\/\/staging.tcpcharms.com\/bjpenn\/wp-json\/wp\/v2\/tags?post=207450"}],"curies":[{"name":"wp","href":"https:\/\/api.w.org\/{rel}","templated":true}]}}