{"id":183892,"date":"2016-01-27T20:51:37","date_gmt":"2016-01-28T04:51:37","guid":{"rendered":"http:\/\/staging.tcpcharms.com\/bjpenn\/?p=183892"},"modified":"2022-02-04T16:14:23","modified_gmt":"2022-02-05T00:14:23","slug":"aldo-willing-to-do-non-title-fight-with-mcgregor","status":"publish","type":"post","link":"https:\/\/staging.tcpcharms.com\/bjpenn\/ufcnews\/aldo-willing-to-do-non-title-fight-with-mcgregor\/","title":{"rendered":"Aldo wants McGregor rematch even if the title isn&#8217;t on the line"},"content":{"rendered":"<p>Jose Aldo has remained mostly quiet since losing his UFC featherweight championship to <a href=\"http:\/\/staging.tcpcharms.com\/bjpenn\/mmanews\/replay-mcgregor-knocks-out-aldo-in-13-seconds\/\">Conor McGregor at UFC 194<\/a> last month.<\/p>\n<p>In the meantime, McGregor has booked a fight at lightweight <a href=\"http:\/\/staging.tcpcharms.com\/bjpenn\/mmanews\/video-ufc-197-preview-dos-anjos-vs-mcgregor-holm-vs-tate-on-fight-news-now\/\">against Rafael dos Anjos<\/a> for the lightweight championship on March 5th.  Leading many to wonder whether <a href=\"http:\/\/staging.tcpcharms.com\/bjpenn\/mmanews\/edgar-wants-to-take-both-titles-from-mcgregor-back-to-back\/\">Frankie Edgar<\/a> or Jose Aldo will get the next crack at McGregor at featherweight when &#8216;Notorious&#8217; returns to 145.  <\/p>\n<p>Aldo took to Instagram to reveal that he won&#8217;t accept anything other than a rematch with McGregor, even if the UFC featherweight championship isn&#8217;t on the line.<\/p>\n<blockquote class=\"instagram-media\" data-instgrm-captioned data-instgrm-version=\"6\" style=\" background:#FFF; border:0; border-radius:3px; box-shadow:0 0 1px 0 rgba(0,0,0,0.5),0 1px 10px 0 rgba(0,0,0,0.15); margin: 1px; max-width:658px; padding:0; width:99.375%; width:-webkit-calc(100% - 2px); width:calc(100% - 2px);\">\n<div style=\"padding:8px;\">\n<div style=\" background:#F8F8F8; line-height:0; margin-top:40px; padding:62.5% 0; text-align:center; width:100%;\">\n<div style=\" background:url(data:image\/png;base64,iVBORw0KGgoAAAANSUhEUgAAACwAAAAsCAMAAAApWqozAAAAGFBMVEUiIiI9PT0eHh4gIB4hIBkcHBwcHBwcHBydr+JQAAAACHRSTlMABA4YHyQsM5jtaMwAAADfSURBVDjL7ZVBEgMhCAQBAf\/\/42xcNbpAqakcM0ftUmFAAIBE81IqBJdS3lS6zs3bIpB9WED3YYXFPmHRfT8sgyrCP1x8uEUxLMzNWElFOYCV6mHWWwMzdPEKHlhLw7NWJqkHc4uIZphavDzA2JPzUDsBZziNae2S6owH8xPmX8G7zzgKEOPUoYHvGz1TBCxMkd3kwNVbU0gKHkx+iZILf77IofhrY1nYFnB\/lQPb79drWOyJVa\/DAvg9B\/rLB4cC+Nqgdz\/TvBbBnr6GBReqn\/nRmDgaQEej7WhonozjF+Y2I\/fZou\/qAAAAAElFTkSuQmCC); display:block; height:44px; margin:0 auto -44px; position:relative; top:-22px; width:44px;\"><\/div>\n<\/div>\n<p style=\" margin:8px 0 0 0; padding:0 4px;\"> <a href=\"https:\/\/www.instagram.com\/p\/BBDnwMsDTpF\/\" style=\" color:#000; font-family:Arial,sans-serif; font-size:14px; font-style:normal; font-weight:normal; line-height:17px; text-decoration:none; word-wrap:break-word;\" target=\"_blank\" rel=\"noopener\">Fala galera, estava quieto at\u00e9 agora porque da maneira que a luta aconteceu eu j\u00e1 estava me preparando nos treinos pois tinha certeza que teria a revanche imediata. Por\u00e9m Acho que me enganei. Ent\u00e3o queria deixar bem claro para o @UFC que n\u00e3o aceito nenhuma luta que n\u00e3o seja pelo cintur\u00e3o, por tudo que eu fiz nesses 8 anos , por tudo que eu aceitei e pela forma que a luta acabou. A \u00fanica exce\u00e7\u00e3o seria uma luta a qualquer momento, em qualquer lugar e j\u00e1 que ele est\u00e1 com medo de me devolver o cintur\u00e3o, n\u00e3o precisa ser pelo cintur\u00e3o&#8230;@thenotoriousmma Espero que que voc\u00eas tamb\u00e9m cumpram a palavra de voc\u00eas @danawhiteufc @lorenzofertitta pois ainda acredito na empresa que trabalho. #rematch Hi everyone, i was quiet for a while because i was waiting for my rematch based on how the fight Went down, in fact I was already training for it, but apparently I was wrong. So I wanted to make something clear to UFC: for everything I have done, everything I have accepted and mostly how the fight ended, I will not accept any other fight other than a title shot . My only exception would be fighting thenotorious , at any time, anywhere , and once that he is afraid and knows that I&#39;m gonna win &#8230;. Doesn&#39;t have to be title fight against him. Keep my belt, but I wanna whoop ur ass anywhere. @danawhite @lorenzofertitta @ufc keep ur word. I still believe in the company that I work for. #rematch<\/a><\/p>\n<p style=\" color:#c9c8cd; font-family:Arial,sans-serif; font-size:14px; line-height:17px; margin-bottom:0; margin-top:8px; overflow:hidden; padding:8px 0 7px; text-align:center; text-overflow:ellipsis; white-space:nowrap;\">A photo posted by josealdojunioroficial (@josealdojunioroficial) on <time style=\" font-family:Arial,sans-serif; font-size:14px; line-height:17px;\" datetime=\"2016-01-27T20:52:44+00:00\">Jan 27, 2016 at 12:52pm PST<\/time><\/p>\n<\/div>\n<\/blockquote>\n<p> <script async defer src=\"\/\/platform.instagram.com\/en_US\/embeds.js\"><\/script><\/p>\n","protected":false},"excerpt":{"rendered":"<p>Jose Aldo has remained mostly quiet since losing his UFC featherweight championship to Conor McGregor at UFC 194 last month. In the meantime, McGregor has booked a fight at lightweight against Rafael dos Anjos for the lightweight championship on March 5th. Leading many to wonder whether Frankie Edgar or Jose Aldo will get the next [&hellip;]<\/p>\n","protected":false},"author":16,"featured_media":156304,"comment_status":"closed","ping_status":"closed","sticky":false,"template":"","format":"standard","meta":{"_mi_skip_tracking":false},"categories":[10086,2681],"tags":[],"yoast_head":"<!-- This site is optimized with the Yoast SEO Premium plugin v19.7 (Yoast SEO v19.14) - https:\/\/yoast.com\/wordpress\/plugins\/seo\/ -->\n<title>Aldo wants McGregor rematch even if the title isn&#039;t on the line | BJPenn.com<\/title>\n<meta name=\"robots\" content=\"index, follow, max-snippet:-1, max-image-preview:large, max-video-preview:-1\" \/>\n<link rel=\"canonical\" href=\"https:\/\/staging.tcpcharms.com\/bjpenn\/ufcnews\/aldo-willing-to-do-non-title-fight-with-mcgregor\/\" \/>\n<meta property=\"og:locale\" content=\"en_US\" \/>\n<meta property=\"og:type\" content=\"article\" \/>\n<meta property=\"og:title\" content=\"Aldo wants McGregor rematch even if the title isn&#039;t on the line | BJPenn.com\" \/>\n<meta property=\"og:description\" content=\"Jose Aldo has remained mostly quiet since losing his UFC featherweight championship to Conor McGregor at UFC 194 last month. In the meantime, McGregor has booked a fight at lightweight against Rafael dos Anjos for the lightweight championship on March 5th. Leading many to wonder whether Frankie Edgar or Jose Aldo will get the next [&hellip;]\" \/>\n<meta property=\"og:url\" content=\"https:\/\/staging.tcpcharms.com\/bjpenn\/ufcnews\/aldo-willing-to-do-non-title-fight-with-mcgregor\/\" \/>\n<meta property=\"og:site_name\" content=\"| BJPenn.com\" \/>\n<meta property=\"article:publisher\" content=\"https:\/\/www.facebook.com\/bjpenn\" \/>\n<meta property=\"article:published_time\" content=\"2016-01-28T04:51:37+00:00\" \/>\n<meta property=\"article:modified_time\" content=\"2022-02-05T00:14:23+00:00\" \/>\n<meta property=\"og:image\" content=\"https:\/\/staging.tcpcharms.com\/bjpenn\/wp-content\/uploads\/2015\/07\/Jose-Aldo.png\" \/>\n\t<meta property=\"og:image:width\" content=\"730\" \/>\n\t<meta property=\"og:image:height\" content=\"380\" \/>\n\t<meta property=\"og:image:type\" content=\"image\/png\" \/>\n<meta name=\"author\" content=\"bjpenndotcom\" \/>\n<meta name=\"twitter:card\" content=\"summary_large_image\" \/>\n<meta name=\"twitter:creator\" content=\"@bjpenndotcom\" \/>\n<meta name=\"twitter:site\" content=\"@bjpenndotcom\" \/>\n<meta name=\"twitter:label1\" content=\"Written by\" \/>\n\t<meta name=\"twitter:data1\" content=\"bjpenndotcom\" \/>\n\t<meta name=\"twitter:label2\" content=\"Est. reading time\" \/>\n\t<meta name=\"twitter:data2\" content=\"2 minutes\" \/>\n<script type=\"application\/ld+json\" class=\"yoast-schema-graph\">{\"@context\":\"https:\/\/schema.org\",\"@graph\":[{\"@type\":\"Article\",\"@id\":\"https:\/\/staging.tcpcharms.com\/bjpenn\/ufcnews\/aldo-willing-to-do-non-title-fight-with-mcgregor\/#article\",\"isPartOf\":{\"@id\":\"https:\/\/staging.tcpcharms.com\/bjpenn\/ufcnews\/aldo-willing-to-do-non-title-fight-with-mcgregor\/\"},\"author\":{\"name\":\"bjpenndotcom\",\"@id\":\"https:\/\/staging.tcpcharms.com\/bjpenn\/#\/schema\/person\/7c8b8d1602cb47040b7a5cd250d5b90a\"},\"headline\":\"Aldo wants McGregor rematch even if the title isn&#8217;t on the line\",\"datePublished\":\"2016-01-28T04:51:37+00:00\",\"dateModified\":\"2022-02-05T00:14:23+00:00\",\"mainEntityOfPage\":{\"@id\":\"https:\/\/staging.tcpcharms.com\/bjpenn\/ufcnews\/aldo-willing-to-do-non-title-fight-with-mcgregor\/\"},\"wordCount\":376,\"publisher\":{\"@id\":\"https:\/\/staging.tcpcharms.com\/bjpenn\/#organization\"},\"articleSection\":[\"MMA News\",\"UFC NEWS\"],\"inLanguage\":\"en-US\",\"copyrightYear\":\"2016\",\"copyrightHolder\":{\"@id\":\"https:\/\/staging.tcpcharms.com\/bjpenn\/#organization\"}},{\"@type\":\"WebPage\",\"@id\":\"https:\/\/staging.tcpcharms.com\/bjpenn\/ufcnews\/aldo-willing-to-do-non-title-fight-with-mcgregor\/\",\"url\":\"https:\/\/staging.tcpcharms.com\/bjpenn\/ufcnews\/aldo-willing-to-do-non-title-fight-with-mcgregor\/\",\"name\":\"Aldo wants McGregor rematch even if the title isn't on the line | BJPenn.com\",\"isPartOf\":{\"@id\":\"https:\/\/staging.tcpcharms.com\/bjpenn\/#website\"},\"datePublished\":\"2016-01-28T04:51:37+00:00\",\"dateModified\":\"2022-02-05T00:14:23+00:00\",\"breadcrumb\":{\"@id\":\"https:\/\/staging.tcpcharms.com\/bjpenn\/ufcnews\/aldo-willing-to-do-non-title-fight-with-mcgregor\/#breadcrumb\"},\"inLanguage\":\"en-US\",\"potentialAction\":[{\"@type\":\"ReadAction\",\"target\":[\"https:\/\/staging.tcpcharms.com\/bjpenn\/ufcnews\/aldo-willing-to-do-non-title-fight-with-mcgregor\/\"]}]},{\"@type\":\"BreadcrumbList\",\"@id\":\"https:\/\/staging.tcpcharms.com\/bjpenn\/ufcnews\/aldo-willing-to-do-non-title-fight-with-mcgregor\/#breadcrumb\",\"itemListElement\":[{\"@type\":\"ListItem\",\"position\":1,\"name\":\"Home\",\"item\":\"https:\/\/staging.tcpcharms.com\/bjpenn\/\"},{\"@type\":\"ListItem\",\"position\":2,\"name\":\"MMA News\",\"item\":\"https:\/\/staging.tcpcharms.com\/bjpenn\/mma-news\/\"},{\"@type\":\"ListItem\",\"position\":3,\"name\":\"Aldo wants McGregor rematch even if the title isn&#8217;t on the line\"}]},{\"@type\":\"WebSite\",\"@id\":\"https:\/\/staging.tcpcharms.com\/bjpenn\/#website\",\"url\":\"https:\/\/staging.tcpcharms.com\/bjpenn\/\",\"name\":\"| BJPenn.com\",\"description\":\"MMA &amp; UFC News, Results &amp; Fight Videos\",\"publisher\":{\"@id\":\"https:\/\/staging.tcpcharms.com\/bjpenn\/#organization\"},\"potentialAction\":[{\"@type\":\"SearchAction\",\"target\":{\"@type\":\"EntryPoint\",\"urlTemplate\":\"https:\/\/staging.tcpcharms.com\/bjpenn\/?s={search_term_string}\"},\"query-input\":\"required name=search_term_string\"}],\"inLanguage\":\"en-US\"},{\"@type\":\"Organization\",\"@id\":\"https:\/\/staging.tcpcharms.com\/bjpenn\/#organization\",\"name\":\"| BJPenn.com\",\"url\":\"https:\/\/staging.tcpcharms.com\/bjpenn\/\",\"logo\":{\"@type\":\"ImageObject\",\"inLanguage\":\"en-US\",\"@id\":\"https:\/\/staging.tcpcharms.com\/bjpenn\/#\/schema\/logo\/image\/\",\"url\":\"http:\/\/staging.tcpcharms.com\/bjpenn\/wp-content\/uploads\/2022\/01\/bj_penn_logo_amp.png\",\"contentUrl\":\"http:\/\/staging.tcpcharms.com\/bjpenn\/wp-content\/uploads\/2022\/01\/bj_penn_logo_amp.png\",\"width\":600,\"height\":148,\"caption\":\"| BJPenn.com\"},\"image\":{\"@id\":\"https:\/\/staging.tcpcharms.com\/bjpenn\/#\/schema\/logo\/image\/\"},\"sameAs\":[\"https:\/\/instagram.com\/bjpenn\",\"https:\/\/www.linkedin.com\/in\/bjpenn\",\"https:\/\/www.pinterest.com\/bjpenndotcom\/\",\"https:\/\/www.youtube.com\/user\/0fficialbjpenn\",\"https:\/\/www.facebook.com\/bjpenn\",\"https:\/\/twitter.com\/bjpenndotcom\"]},{\"@type\":\"Person\",\"@id\":\"https:\/\/staging.tcpcharms.com\/bjpenn\/#\/schema\/person\/7c8b8d1602cb47040b7a5cd250d5b90a\",\"name\":\"bjpenndotcom\",\"description\":\"UFC NEWS - MMA NEWS\",\"sameAs\":[\"http:\/\/staging.tcpcharms.com\/bjpenn\"],\"url\":\"https:\/\/staging.tcpcharms.com\/bjpenn\/author\/bjpenndotcom\/\"}]}<\/script>\n<!-- \/ Yoast SEO Premium plugin. -->","yoast_head_json":{"title":"Aldo wants McGregor rematch even if the title isn't on the line | BJPenn.com","robots":{"index":"index","follow":"follow","max-snippet":"max-snippet:-1","max-image-preview":"max-image-preview:large","max-video-preview":"max-video-preview:-1"},"canonical":"https:\/\/staging.tcpcharms.com\/bjpenn\/ufcnews\/aldo-willing-to-do-non-title-fight-with-mcgregor\/","og_locale":"en_US","og_type":"article","og_title":"Aldo wants McGregor rematch even if the title isn't on the line | BJPenn.com","og_description":"Jose Aldo has remained mostly quiet since losing his UFC featherweight championship to Conor McGregor at UFC 194 last month. In the meantime, McGregor has booked a fight at lightweight against Rafael dos Anjos for the lightweight championship on March 5th. Leading many to wonder whether Frankie Edgar or Jose Aldo will get the next [&hellip;]","og_url":"https:\/\/staging.tcpcharms.com\/bjpenn\/ufcnews\/aldo-willing-to-do-non-title-fight-with-mcgregor\/","og_site_name":"| BJPenn.com","article_publisher":"https:\/\/www.facebook.com\/bjpenn","article_published_time":"2016-01-28T04:51:37+00:00","article_modified_time":"2022-02-05T00:14:23+00:00","og_image":[{"width":730,"height":380,"url":"https:\/\/staging.tcpcharms.com\/bjpenn\/wp-content\/uploads\/2015\/07\/Jose-Aldo.png","type":"image\/png"}],"author":"bjpenndotcom","twitter_card":"summary_large_image","twitter_creator":"@bjpenndotcom","twitter_site":"@bjpenndotcom","twitter_misc":{"Written by":"bjpenndotcom","Est. reading time":"2 minutes"},"schema":{"@context":"https:\/\/schema.org","@graph":[{"@type":"Article","@id":"https:\/\/staging.tcpcharms.com\/bjpenn\/ufcnews\/aldo-willing-to-do-non-title-fight-with-mcgregor\/#article","isPartOf":{"@id":"https:\/\/staging.tcpcharms.com\/bjpenn\/ufcnews\/aldo-willing-to-do-non-title-fight-with-mcgregor\/"},"author":{"name":"bjpenndotcom","@id":"https:\/\/staging.tcpcharms.com\/bjpenn\/#\/schema\/person\/7c8b8d1602cb47040b7a5cd250d5b90a"},"headline":"Aldo wants McGregor rematch even if the title isn&#8217;t on the line","datePublished":"2016-01-28T04:51:37+00:00","dateModified":"2022-02-05T00:14:23+00:00","mainEntityOfPage":{"@id":"https:\/\/staging.tcpcharms.com\/bjpenn\/ufcnews\/aldo-willing-to-do-non-title-fight-with-mcgregor\/"},"wordCount":376,"publisher":{"@id":"https:\/\/staging.tcpcharms.com\/bjpenn\/#organization"},"articleSection":["MMA News","UFC NEWS"],"inLanguage":"en-US","copyrightYear":"2016","copyrightHolder":{"@id":"https:\/\/staging.tcpcharms.com\/bjpenn\/#organization"}},{"@type":"WebPage","@id":"https:\/\/staging.tcpcharms.com\/bjpenn\/ufcnews\/aldo-willing-to-do-non-title-fight-with-mcgregor\/","url":"https:\/\/staging.tcpcharms.com\/bjpenn\/ufcnews\/aldo-willing-to-do-non-title-fight-with-mcgregor\/","name":"Aldo wants McGregor rematch even if the title isn't on the line | BJPenn.com","isPartOf":{"@id":"https:\/\/staging.tcpcharms.com\/bjpenn\/#website"},"datePublished":"2016-01-28T04:51:37+00:00","dateModified":"2022-02-05T00:14:23+00:00","breadcrumb":{"@id":"https:\/\/staging.tcpcharms.com\/bjpenn\/ufcnews\/aldo-willing-to-do-non-title-fight-with-mcgregor\/#breadcrumb"},"inLanguage":"en-US","potentialAction":[{"@type":"ReadAction","target":["https:\/\/staging.tcpcharms.com\/bjpenn\/ufcnews\/aldo-willing-to-do-non-title-fight-with-mcgregor\/"]}]},{"@type":"BreadcrumbList","@id":"https:\/\/staging.tcpcharms.com\/bjpenn\/ufcnews\/aldo-willing-to-do-non-title-fight-with-mcgregor\/#breadcrumb","itemListElement":[{"@type":"ListItem","position":1,"name":"Home","item":"https:\/\/staging.tcpcharms.com\/bjpenn\/"},{"@type":"ListItem","position":2,"name":"MMA News","item":"https:\/\/staging.tcpcharms.com\/bjpenn\/mma-news\/"},{"@type":"ListItem","position":3,"name":"Aldo wants McGregor rematch even if the title isn&#8217;t on the line"}]},{"@type":"WebSite","@id":"https:\/\/staging.tcpcharms.com\/bjpenn\/#website","url":"https:\/\/staging.tcpcharms.com\/bjpenn\/","name":"| BJPenn.com","description":"MMA &amp; UFC News, Results &amp; Fight Videos","publisher":{"@id":"https:\/\/staging.tcpcharms.com\/bjpenn\/#organization"},"potentialAction":[{"@type":"SearchAction","target":{"@type":"EntryPoint","urlTemplate":"https:\/\/staging.tcpcharms.com\/bjpenn\/?s={search_term_string}"},"query-input":"required name=search_term_string"}],"inLanguage":"en-US"},{"@type":"Organization","@id":"https:\/\/staging.tcpcharms.com\/bjpenn\/#organization","name":"| BJPenn.com","url":"https:\/\/staging.tcpcharms.com\/bjpenn\/","logo":{"@type":"ImageObject","inLanguage":"en-US","@id":"https:\/\/staging.tcpcharms.com\/bjpenn\/#\/schema\/logo\/image\/","url":"http:\/\/staging.tcpcharms.com\/bjpenn\/wp-content\/uploads\/2022\/01\/bj_penn_logo_amp.png","contentUrl":"http:\/\/staging.tcpcharms.com\/bjpenn\/wp-content\/uploads\/2022\/01\/bj_penn_logo_amp.png","width":600,"height":148,"caption":"| BJPenn.com"},"image":{"@id":"https:\/\/staging.tcpcharms.com\/bjpenn\/#\/schema\/logo\/image\/"},"sameAs":["https:\/\/instagram.com\/bjpenn","https:\/\/www.linkedin.com\/in\/bjpenn","https:\/\/www.pinterest.com\/bjpenndotcom\/","https:\/\/www.youtube.com\/user\/0fficialbjpenn","https:\/\/www.facebook.com\/bjpenn","https:\/\/twitter.com\/bjpenndotcom"]},{"@type":"Person","@id":"https:\/\/staging.tcpcharms.com\/bjpenn\/#\/schema\/person\/7c8b8d1602cb47040b7a5cd250d5b90a","name":"bjpenndotcom","description":"UFC NEWS - MMA NEWS","sameAs":["http:\/\/staging.tcpcharms.com\/bjpenn"],"url":"https:\/\/staging.tcpcharms.com\/bjpenn\/author\/bjpenndotcom\/"}]}},"amp_enabled":true,"_links":{"self":[{"href":"https:\/\/staging.tcpcharms.com\/bjpenn\/wp-json\/wp\/v2\/posts\/183892"}],"collection":[{"href":"https:\/\/staging.tcpcharms.com\/bjpenn\/wp-json\/wp\/v2\/posts"}],"about":[{"href":"https:\/\/staging.tcpcharms.com\/bjpenn\/wp-json\/wp\/v2\/types\/post"}],"author":[{"embeddable":true,"href":"https:\/\/staging.tcpcharms.com\/bjpenn\/wp-json\/wp\/v2\/users\/16"}],"replies":[{"embeddable":true,"href":"https:\/\/staging.tcpcharms.com\/bjpenn\/wp-json\/wp\/v2\/comments?post=183892"}],"version-history":[{"count":0,"href":"https:\/\/staging.tcpcharms.com\/bjpenn\/wp-json\/wp\/v2\/posts\/183892\/revisions"}],"wp:featuredmedia":[{"embeddable":true,"href":"https:\/\/staging.tcpcharms.com\/bjpenn\/wp-json\/wp\/v2\/media\/156304"}],"wp:attachment":[{"href":"https:\/\/staging.tcpcharms.com\/bjpenn\/wp-json\/wp\/v2\/media?parent=183892"}],"wp:term":[{"taxonomy":"category","embeddable":true,"href":"https:\/\/staging.tcpcharms.com\/bjpenn\/wp-json\/wp\/v2\/categories?post=183892"},{"taxonomy":"post_tag","embeddable":true,"href":"https:\/\/staging.tcpcharms.com\/bjpenn\/wp-json\/wp\/v2\/tags?post=183892"}],"curies":[{"name":"wp","href":"https:\/\/api.w.org\/{rel}","templated":true}]}}