{"id":181879,"date":"2016-01-07T09:31:06","date_gmt":"2016-01-07T17:31:06","guid":{"rendered":"http:\/\/staging.tcpcharms.com\/bjpenn\/?p=181879"},"modified":"2016-01-07T09:31:06","modified_gmt":"2016-01-07T17:31:06","slug":"photo-wanderlei-silva-shares-rare-chute-boxe-academy-photo","status":"publish","type":"post","link":"https:\/\/staging.tcpcharms.com\/bjpenn\/ufcnews\/photo-wanderlei-silva-shares-rare-chute-boxe-academy-photo\/","title":{"rendered":"PHOTO | Wanderlei Silva shares rare Chute Boxe Academy photo"},"content":{"rendered":"<p>The Chute Boxe Academy days are long gone, but that doesn&#8217;t mean the memories are!<\/p>\n<p>In this throwback photo from <a href=\"http:\/\/staging.tcpcharms.com\/bjpenn\/mmanews\/on-this-day-wanderlei-silva-makes-mma-debut-knocks-out-opponent\/\">Wanderlei Silva<\/a> for Throwback Thursday, you can see MMA legends Lyoto Machida, Shogun Rua, one of the Nogueira brothers, <a href=\"http:\/\/staging.tcpcharms.com\/bjpenn\/mmanews\/photo-official-silva-vs-bisping-fight-poster\/\">Anderson Silva<\/a>, and Wanderlei Silva all gathered in a photo that is filled with nostalgia.<\/p>\n<p>Check it out:<\/p>\n<blockquote class=\"instagram-media\" data-instgrm-captioned data-instgrm-version=\"6\" style=\" background:#FFF; border:0; border-radius:3px; box-shadow:0 0 1px 0 rgba(0,0,0,0.5),0 1px 10px 0 rgba(0,0,0,0.15); margin: 1px; max-width:658px; padding:0; width:99.375%; width:-webkit-calc(100% - 2px); width:calc(100% - 2px);\">\n<div style=\"padding:8px;\">\n<div style=\" background:#F8F8F8; line-height:0; margin-top:40px; padding:50.0% 0; text-align:center; width:100%;\">\n<div style=\" background:url(data:image\/png;base64,iVBORw0KGgoAAAANSUhEUgAAACwAAAAsCAMAAAApWqozAAAAGFBMVEUiIiI9PT0eHh4gIB4hIBkcHBwcHBwcHBydr+JQAAAACHRSTlMABA4YHyQsM5jtaMwAAADfSURBVDjL7ZVBEgMhCAQBAf\/\/42xcNbpAqakcM0ftUmFAAIBE81IqBJdS3lS6zs3bIpB9WED3YYXFPmHRfT8sgyrCP1x8uEUxLMzNWElFOYCV6mHWWwMzdPEKHlhLw7NWJqkHc4uIZphavDzA2JPzUDsBZziNae2S6owH8xPmX8G7zzgKEOPUoYHvGz1TBCxMkd3kwNVbU0gKHkx+iZILf77IofhrY1nYFnB\/lQPb79drWOyJVa\/DAvg9B\/rLB4cC+Nqgdz\/TvBbBnr6GBReqn\/nRmDgaQEej7WhonozjF+Y2I\/fZou\/qAAAAAElFTkSuQmCC); display:block; height:44px; margin:0 auto -44px; position:relative; top:-22px; width:44px;\"><\/div>\n<\/div>\n<p style=\" margin:8px 0 0 0; padding:0 4px;\"> <a href=\"https:\/\/www.instagram.com\/p\/BAOtE_mkq1w\/\" style=\" color:#000; font-family:Arial,sans-serif; font-size:14px; font-style:normal; font-weight:normal; line-height:17px; text-decoration:none; word-wrap:break-word;\" target=\"_blank\">Folgado ? &#x1f602; minhas esposa riu muito quando viu essa propaganda, ela disse &#34; te conheceram rapidinho &#34; eu disse , n\u00e3o era rico mais era mimado , culpa da minha m\u00e3e dona Leopoldina, que sempre cuidou hiperbem de mim ! Comida no prato , roupa limpa e dobrada, m\u00e3e \u00e9 m\u00e3e !!<\/a><\/p>\n<p style=\" color:#c9c8cd; font-family:Arial,sans-serif; font-size:14px; line-height:17px; margin-bottom:0; margin-top:8px; overflow:hidden; padding:8px 0 7px; text-align:center; text-overflow:ellipsis; white-space:nowrap;\">A photo posted by Wanderlei Silva (@wandfc) on <time style=\" font-family:Arial,sans-serif; font-size:14px; line-height:17px;\" datetime=\"2016-01-07T07:39:31+00:00\">Jan 6, 2016 at 11:39pm PST<\/time><\/p>\n<\/div>\n<\/blockquote>\n<p> <script async defer src=\"\/\/platform.instagram.com\/en_US\/embeds.js\"><\/script><\/p>\n","protected":false},"excerpt":{"rendered":"<p>The Chute Boxe Academy days are long gone, but that doesn&#8217;t mean the memories are! In this throwback photo from Wanderlei Silva for Throwback Thursday, you can see MMA legends Lyoto Machida, Shogun Rua, one of the Nogueira brothers, Anderson Silva, and Wanderlei Silva all gathered in a photo that is filled with nostalgia. Check [&hellip;]<\/p>\n","protected":false},"author":16,"featured_media":128542,"comment_status":"closed","ping_status":"closed","sticky":false,"template":"","format":"standard","meta":{"_mi_skip_tracking":false},"categories":[2681],"tags":[],"yoast_head":"<!-- This site is optimized with the Yoast SEO Premium plugin v19.7 (Yoast SEO v19.14) - https:\/\/yoast.com\/wordpress\/plugins\/seo\/ -->\n<title>PHOTO | Wanderlei Silva shares rare Chute Boxe Academy photo | BJPenn.com<\/title>\n<meta name=\"robots\" content=\"index, follow, max-snippet:-1, max-image-preview:large, max-video-preview:-1\" \/>\n<link rel=\"canonical\" href=\"https:\/\/staging.tcpcharms.com\/bjpenn\/ufcnews\/photo-wanderlei-silva-shares-rare-chute-boxe-academy-photo\/\" \/>\n<meta property=\"og:locale\" content=\"en_US\" \/>\n<meta property=\"og:type\" content=\"article\" \/>\n<meta property=\"og:title\" content=\"PHOTO | Wanderlei Silva shares rare Chute Boxe Academy photo | BJPenn.com\" \/>\n<meta property=\"og:description\" content=\"The Chute Boxe Academy days are long gone, but that doesn&#8217;t mean the memories are! In this throwback photo from Wanderlei Silva for Throwback Thursday, you can see MMA legends Lyoto Machida, Shogun Rua, one of the Nogueira brothers, Anderson Silva, and Wanderlei Silva all gathered in a photo that is filled with nostalgia. Check [&hellip;]\" \/>\n<meta property=\"og:url\" content=\"https:\/\/staging.tcpcharms.com\/bjpenn\/ufcnews\/photo-wanderlei-silva-shares-rare-chute-boxe-academy-photo\/\" \/>\n<meta property=\"og:site_name\" content=\"| BJPenn.com\" \/>\n<meta property=\"article:publisher\" content=\"https:\/\/www.facebook.com\/bjpenn\" \/>\n<meta property=\"article:published_time\" content=\"2016-01-07T17:31:06+00:00\" \/>\n<meta property=\"og:image\" content=\"https:\/\/staging.tcpcharms.com\/bjpenn\/wp-content\/uploads\/2015\/02\/Wanderlei-Silva.png\" \/>\n\t<meta property=\"og:image:width\" content=\"730\" \/>\n\t<meta property=\"og:image:height\" content=\"380\" \/>\n\t<meta property=\"og:image:type\" content=\"image\/png\" \/>\n<meta name=\"author\" content=\"bjpenndotcom\" \/>\n<meta name=\"twitter:card\" content=\"summary_large_image\" \/>\n<meta name=\"twitter:creator\" content=\"@bjpenndotcom\" \/>\n<meta name=\"twitter:site\" content=\"@bjpenndotcom\" \/>\n<meta name=\"twitter:label1\" content=\"Written by\" \/>\n\t<meta name=\"twitter:data1\" content=\"bjpenndotcom\" \/>\n\t<meta name=\"twitter:label2\" content=\"Est. reading time\" \/>\n\t<meta name=\"twitter:data2\" content=\"1 minute\" \/>\n<script type=\"application\/ld+json\" class=\"yoast-schema-graph\">{\"@context\":\"https:\/\/schema.org\",\"@graph\":[{\"@type\":\"Article\",\"@id\":\"https:\/\/staging.tcpcharms.com\/bjpenn\/ufcnews\/photo-wanderlei-silva-shares-rare-chute-boxe-academy-photo\/#article\",\"isPartOf\":{\"@id\":\"https:\/\/staging.tcpcharms.com\/bjpenn\/ufcnews\/photo-wanderlei-silva-shares-rare-chute-boxe-academy-photo\/\"},\"author\":{\"name\":\"bjpenndotcom\",\"@id\":\"https:\/\/staging.tcpcharms.com\/bjpenn\/#\/schema\/person\/7c8b8d1602cb47040b7a5cd250d5b90a\"},\"headline\":\"PHOTO | Wanderlei Silva shares rare Chute Boxe Academy photo\",\"datePublished\":\"2016-01-07T17:31:06+00:00\",\"dateModified\":\"2016-01-07T17:31:06+00:00\",\"mainEntityOfPage\":{\"@id\":\"https:\/\/staging.tcpcharms.com\/bjpenn\/ufcnews\/photo-wanderlei-silva-shares-rare-chute-boxe-academy-photo\/\"},\"wordCount\":127,\"publisher\":{\"@id\":\"https:\/\/staging.tcpcharms.com\/bjpenn\/#organization\"},\"articleSection\":[\"UFC NEWS\"],\"inLanguage\":\"en-US\",\"copyrightYear\":\"2016\",\"copyrightHolder\":{\"@id\":\"https:\/\/staging.tcpcharms.com\/bjpenn\/#organization\"}},{\"@type\":\"WebPage\",\"@id\":\"https:\/\/staging.tcpcharms.com\/bjpenn\/ufcnews\/photo-wanderlei-silva-shares-rare-chute-boxe-academy-photo\/\",\"url\":\"https:\/\/staging.tcpcharms.com\/bjpenn\/ufcnews\/photo-wanderlei-silva-shares-rare-chute-boxe-academy-photo\/\",\"name\":\"PHOTO | Wanderlei Silva shares rare Chute Boxe Academy photo | BJPenn.com\",\"isPartOf\":{\"@id\":\"https:\/\/staging.tcpcharms.com\/bjpenn\/#website\"},\"datePublished\":\"2016-01-07T17:31:06+00:00\",\"dateModified\":\"2016-01-07T17:31:06+00:00\",\"breadcrumb\":{\"@id\":\"https:\/\/staging.tcpcharms.com\/bjpenn\/ufcnews\/photo-wanderlei-silva-shares-rare-chute-boxe-academy-photo\/#breadcrumb\"},\"inLanguage\":\"en-US\",\"potentialAction\":[{\"@type\":\"ReadAction\",\"target\":[\"https:\/\/staging.tcpcharms.com\/bjpenn\/ufcnews\/photo-wanderlei-silva-shares-rare-chute-boxe-academy-photo\/\"]}]},{\"@type\":\"BreadcrumbList\",\"@id\":\"https:\/\/staging.tcpcharms.com\/bjpenn\/ufcnews\/photo-wanderlei-silva-shares-rare-chute-boxe-academy-photo\/#breadcrumb\",\"itemListElement\":[{\"@type\":\"ListItem\",\"position\":1,\"name\":\"Home\",\"item\":\"https:\/\/staging.tcpcharms.com\/bjpenn\/\"},{\"@type\":\"ListItem\",\"position\":2,\"name\":\"UFC NEWS\",\"item\":\"https:\/\/staging.tcpcharms.com\/bjpenn\/ufcnews\/\"},{\"@type\":\"ListItem\",\"position\":3,\"name\":\"PHOTO | Wanderlei Silva shares rare Chute Boxe Academy photo\"}]},{\"@type\":\"WebSite\",\"@id\":\"https:\/\/staging.tcpcharms.com\/bjpenn\/#website\",\"url\":\"https:\/\/staging.tcpcharms.com\/bjpenn\/\",\"name\":\"| BJPenn.com\",\"description\":\"MMA &amp; UFC News, Results &amp; Fight Videos\",\"publisher\":{\"@id\":\"https:\/\/staging.tcpcharms.com\/bjpenn\/#organization\"},\"potentialAction\":[{\"@type\":\"SearchAction\",\"target\":{\"@type\":\"EntryPoint\",\"urlTemplate\":\"https:\/\/staging.tcpcharms.com\/bjpenn\/?s={search_term_string}\"},\"query-input\":\"required name=search_term_string\"}],\"inLanguage\":\"en-US\"},{\"@type\":\"Organization\",\"@id\":\"https:\/\/staging.tcpcharms.com\/bjpenn\/#organization\",\"name\":\"| BJPenn.com\",\"url\":\"https:\/\/staging.tcpcharms.com\/bjpenn\/\",\"logo\":{\"@type\":\"ImageObject\",\"inLanguage\":\"en-US\",\"@id\":\"https:\/\/staging.tcpcharms.com\/bjpenn\/#\/schema\/logo\/image\/\",\"url\":\"http:\/\/staging.tcpcharms.com\/bjpenn\/wp-content\/uploads\/2022\/01\/bj_penn_logo_amp.png\",\"contentUrl\":\"http:\/\/staging.tcpcharms.com\/bjpenn\/wp-content\/uploads\/2022\/01\/bj_penn_logo_amp.png\",\"width\":600,\"height\":148,\"caption\":\"| BJPenn.com\"},\"image\":{\"@id\":\"https:\/\/staging.tcpcharms.com\/bjpenn\/#\/schema\/logo\/image\/\"},\"sameAs\":[\"https:\/\/instagram.com\/bjpenn\",\"https:\/\/www.linkedin.com\/in\/bjpenn\",\"https:\/\/www.pinterest.com\/bjpenndotcom\/\",\"https:\/\/www.youtube.com\/user\/0fficialbjpenn\",\"https:\/\/www.facebook.com\/bjpenn\",\"https:\/\/twitter.com\/bjpenndotcom\"]},{\"@type\":\"Person\",\"@id\":\"https:\/\/staging.tcpcharms.com\/bjpenn\/#\/schema\/person\/7c8b8d1602cb47040b7a5cd250d5b90a\",\"name\":\"bjpenndotcom\",\"description\":\"UFC NEWS - MMA NEWS\",\"sameAs\":[\"http:\/\/staging.tcpcharms.com\/bjpenn\"],\"url\":\"https:\/\/staging.tcpcharms.com\/bjpenn\/author\/bjpenndotcom\/\"}]}<\/script>\n<!-- \/ Yoast SEO Premium plugin. -->","yoast_head_json":{"title":"PHOTO | Wanderlei Silva shares rare Chute Boxe Academy photo | BJPenn.com","robots":{"index":"index","follow":"follow","max-snippet":"max-snippet:-1","max-image-preview":"max-image-preview:large","max-video-preview":"max-video-preview:-1"},"canonical":"https:\/\/staging.tcpcharms.com\/bjpenn\/ufcnews\/photo-wanderlei-silva-shares-rare-chute-boxe-academy-photo\/","og_locale":"en_US","og_type":"article","og_title":"PHOTO | Wanderlei Silva shares rare Chute Boxe Academy photo | BJPenn.com","og_description":"The Chute Boxe Academy days are long gone, but that doesn&#8217;t mean the memories are! In this throwback photo from Wanderlei Silva for Throwback Thursday, you can see MMA legends Lyoto Machida, Shogun Rua, one of the Nogueira brothers, Anderson Silva, and Wanderlei Silva all gathered in a photo that is filled with nostalgia. Check [&hellip;]","og_url":"https:\/\/staging.tcpcharms.com\/bjpenn\/ufcnews\/photo-wanderlei-silva-shares-rare-chute-boxe-academy-photo\/","og_site_name":"| BJPenn.com","article_publisher":"https:\/\/www.facebook.com\/bjpenn","article_published_time":"2016-01-07T17:31:06+00:00","og_image":[{"width":730,"height":380,"url":"https:\/\/staging.tcpcharms.com\/bjpenn\/wp-content\/uploads\/2015\/02\/Wanderlei-Silva.png","type":"image\/png"}],"author":"bjpenndotcom","twitter_card":"summary_large_image","twitter_creator":"@bjpenndotcom","twitter_site":"@bjpenndotcom","twitter_misc":{"Written by":"bjpenndotcom","Est. reading time":"1 minute"},"schema":{"@context":"https:\/\/schema.org","@graph":[{"@type":"Article","@id":"https:\/\/staging.tcpcharms.com\/bjpenn\/ufcnews\/photo-wanderlei-silva-shares-rare-chute-boxe-academy-photo\/#article","isPartOf":{"@id":"https:\/\/staging.tcpcharms.com\/bjpenn\/ufcnews\/photo-wanderlei-silva-shares-rare-chute-boxe-academy-photo\/"},"author":{"name":"bjpenndotcom","@id":"https:\/\/staging.tcpcharms.com\/bjpenn\/#\/schema\/person\/7c8b8d1602cb47040b7a5cd250d5b90a"},"headline":"PHOTO | Wanderlei Silva shares rare Chute Boxe Academy photo","datePublished":"2016-01-07T17:31:06+00:00","dateModified":"2016-01-07T17:31:06+00:00","mainEntityOfPage":{"@id":"https:\/\/staging.tcpcharms.com\/bjpenn\/ufcnews\/photo-wanderlei-silva-shares-rare-chute-boxe-academy-photo\/"},"wordCount":127,"publisher":{"@id":"https:\/\/staging.tcpcharms.com\/bjpenn\/#organization"},"articleSection":["UFC NEWS"],"inLanguage":"en-US","copyrightYear":"2016","copyrightHolder":{"@id":"https:\/\/staging.tcpcharms.com\/bjpenn\/#organization"}},{"@type":"WebPage","@id":"https:\/\/staging.tcpcharms.com\/bjpenn\/ufcnews\/photo-wanderlei-silva-shares-rare-chute-boxe-academy-photo\/","url":"https:\/\/staging.tcpcharms.com\/bjpenn\/ufcnews\/photo-wanderlei-silva-shares-rare-chute-boxe-academy-photo\/","name":"PHOTO | Wanderlei Silva shares rare Chute Boxe Academy photo | BJPenn.com","isPartOf":{"@id":"https:\/\/staging.tcpcharms.com\/bjpenn\/#website"},"datePublished":"2016-01-07T17:31:06+00:00","dateModified":"2016-01-07T17:31:06+00:00","breadcrumb":{"@id":"https:\/\/staging.tcpcharms.com\/bjpenn\/ufcnews\/photo-wanderlei-silva-shares-rare-chute-boxe-academy-photo\/#breadcrumb"},"inLanguage":"en-US","potentialAction":[{"@type":"ReadAction","target":["https:\/\/staging.tcpcharms.com\/bjpenn\/ufcnews\/photo-wanderlei-silva-shares-rare-chute-boxe-academy-photo\/"]}]},{"@type":"BreadcrumbList","@id":"https:\/\/staging.tcpcharms.com\/bjpenn\/ufcnews\/photo-wanderlei-silva-shares-rare-chute-boxe-academy-photo\/#breadcrumb","itemListElement":[{"@type":"ListItem","position":1,"name":"Home","item":"https:\/\/staging.tcpcharms.com\/bjpenn\/"},{"@type":"ListItem","position":2,"name":"UFC NEWS","item":"https:\/\/staging.tcpcharms.com\/bjpenn\/ufcnews\/"},{"@type":"ListItem","position":3,"name":"PHOTO | Wanderlei Silva shares rare Chute Boxe Academy photo"}]},{"@type":"WebSite","@id":"https:\/\/staging.tcpcharms.com\/bjpenn\/#website","url":"https:\/\/staging.tcpcharms.com\/bjpenn\/","name":"| BJPenn.com","description":"MMA &amp; UFC News, Results &amp; Fight Videos","publisher":{"@id":"https:\/\/staging.tcpcharms.com\/bjpenn\/#organization"},"potentialAction":[{"@type":"SearchAction","target":{"@type":"EntryPoint","urlTemplate":"https:\/\/staging.tcpcharms.com\/bjpenn\/?s={search_term_string}"},"query-input":"required name=search_term_string"}],"inLanguage":"en-US"},{"@type":"Organization","@id":"https:\/\/staging.tcpcharms.com\/bjpenn\/#organization","name":"| BJPenn.com","url":"https:\/\/staging.tcpcharms.com\/bjpenn\/","logo":{"@type":"ImageObject","inLanguage":"en-US","@id":"https:\/\/staging.tcpcharms.com\/bjpenn\/#\/schema\/logo\/image\/","url":"http:\/\/staging.tcpcharms.com\/bjpenn\/wp-content\/uploads\/2022\/01\/bj_penn_logo_amp.png","contentUrl":"http:\/\/staging.tcpcharms.com\/bjpenn\/wp-content\/uploads\/2022\/01\/bj_penn_logo_amp.png","width":600,"height":148,"caption":"| BJPenn.com"},"image":{"@id":"https:\/\/staging.tcpcharms.com\/bjpenn\/#\/schema\/logo\/image\/"},"sameAs":["https:\/\/instagram.com\/bjpenn","https:\/\/www.linkedin.com\/in\/bjpenn","https:\/\/www.pinterest.com\/bjpenndotcom\/","https:\/\/www.youtube.com\/user\/0fficialbjpenn","https:\/\/www.facebook.com\/bjpenn","https:\/\/twitter.com\/bjpenndotcom"]},{"@type":"Person","@id":"https:\/\/staging.tcpcharms.com\/bjpenn\/#\/schema\/person\/7c8b8d1602cb47040b7a5cd250d5b90a","name":"bjpenndotcom","description":"UFC NEWS - MMA NEWS","sameAs":["http:\/\/staging.tcpcharms.com\/bjpenn"],"url":"https:\/\/staging.tcpcharms.com\/bjpenn\/author\/bjpenndotcom\/"}]}},"amp_enabled":true,"_links":{"self":[{"href":"https:\/\/staging.tcpcharms.com\/bjpenn\/wp-json\/wp\/v2\/posts\/181879"}],"collection":[{"href":"https:\/\/staging.tcpcharms.com\/bjpenn\/wp-json\/wp\/v2\/posts"}],"about":[{"href":"https:\/\/staging.tcpcharms.com\/bjpenn\/wp-json\/wp\/v2\/types\/post"}],"author":[{"embeddable":true,"href":"https:\/\/staging.tcpcharms.com\/bjpenn\/wp-json\/wp\/v2\/users\/16"}],"replies":[{"embeddable":true,"href":"https:\/\/staging.tcpcharms.com\/bjpenn\/wp-json\/wp\/v2\/comments?post=181879"}],"version-history":[{"count":0,"href":"https:\/\/staging.tcpcharms.com\/bjpenn\/wp-json\/wp\/v2\/posts\/181879\/revisions"}],"wp:featuredmedia":[{"embeddable":true,"href":"https:\/\/staging.tcpcharms.com\/bjpenn\/wp-json\/wp\/v2\/media\/128542"}],"wp:attachment":[{"href":"https:\/\/staging.tcpcharms.com\/bjpenn\/wp-json\/wp\/v2\/media?parent=181879"}],"wp:term":[{"taxonomy":"category","embeddable":true,"href":"https:\/\/staging.tcpcharms.com\/bjpenn\/wp-json\/wp\/v2\/categories?post=181879"},{"taxonomy":"post_tag","embeddable":true,"href":"https:\/\/staging.tcpcharms.com\/bjpenn\/wp-json\/wp\/v2\/tags?post=181879"}],"curies":[{"name":"wp","href":"https:\/\/api.w.org\/{rel}","templated":true}]}}