{"id":126224,"date":"2015-01-18T09:19:21","date_gmt":"2015-01-18T17:19:21","guid":{"rendered":"http:\/\/staging.tcpcharms.com\/bjpenn\/?p=126224"},"modified":"2022-02-04T19:55:19","modified_gmt":"2022-02-05T03:55:19","slug":"wanderlei-silva-nate-quarry-jon-fitch-meet-nfl-players-association2","status":"publish","type":"post","link":"https:\/\/staging.tcpcharms.com\/bjpenn\/ufcnews\/wanderlei-silva-nate-quarry-jon-fitch-meet-nfl-players-association2\/","title":{"rendered":"GALLERY! Disgruntled UFC Vets Visit NFL Union"},"content":{"rendered":"<p><a href=\"http:\/\/staging.tcpcharms.com\/bjpenn\/wp-content\/uploads\/2015\/01\/Screen-Shot-2015-01-18-at-11.17.03-AM.png\"><img decoding=\"async\" loading=\"lazy\" src=\"http:\/\/staging.tcpcharms.com\/bjpenn\/wp-content\/uploads\/2015\/01\/Screen-Shot-2015-01-18-at-11.17.03-AM.png\" alt=\"Screen Shot 2015-01-18 at 11.17.03 AM\" width=\"730\" height=\"512\" class=\"alignnone size-full wp-image-126226\" srcset=\"https:\/\/staging.tcpcharms.com\/bjpenn\/wp-content\/uploads\/2015\/01\/Screen-Shot-2015-01-18-at-11.17.03-AM.png 730w, https:\/\/staging.tcpcharms.com\/bjpenn\/wp-content\/uploads\/2015\/01\/Screen-Shot-2015-01-18-at-11.17.03-AM-300x210.png 300w, https:\/\/staging.tcpcharms.com\/bjpenn\/wp-content\/uploads\/2015\/01\/Screen-Shot-2015-01-18-at-11.17.03-AM-570x400.png 570w, https:\/\/staging.tcpcharms.com\/bjpenn\/wp-content\/uploads\/2015\/01\/Screen-Shot-2015-01-18-at-11.17.03-AM-356x250.png 356w\" sizes=\"(max-width: 730px) 100vw, 730px\" \/><\/a><\/p>\n<p>At the end of last year, it was announced that Nate Quarry and Jon Fitch, among other fighters, would be filing a class-action lawsuit against the UFC.<\/p>\n<p>Since recieving his lifetime ban, Wanderlei Silva has been extremely out-spoken against the UFC, releasing several rant videos regarding how the UFC treats fighters.<\/p>\n<p>This weekend, Silva, Quarry, and Fitch joined the NFL Players Association, in what appears to be an attempt to gain understanding, and eventually form a fighters union.  Wanderlei even met with NFLPA Executive Director Demaurice Smith, who he says is &#8220;The most powerful sports union leader&#8221;.<\/p>\n<blockquote class=\"instagram-media\" data-instgrm-captioned data-instgrm-version=\"4\" style=\" background:#FFF; border:0; border-radius:3px; box-shadow:0 0 1px 0 rgba(0,0,0,0.5),0 1px 10px 0 rgba(0,0,0,0.15); margin: 1px; max-width:658px; padding:0; width:99.375%; width:-webkit-calc(100% - 2px); width:calc(100% - 2px);\">\n<div style=\"padding:8px;\">\n<div style=\" background:#F8F8F8; line-height:0; margin-top:40px; padding:50% 0; text-align:center; width:100%;\">\n<div style=\" background:url(data:image\/png;base64,iVBORw0KGgoAAAANSUhEUgAAACwAAAAsCAMAAAApWqozAAAAGFBMVEUiIiI9PT0eHh4gIB4hIBkcHBwcHBwcHBydr+JQAAAACHRSTlMABA4YHyQsM5jtaMwAAADfSURBVDjL7ZVBEgMhCAQBAf\/\/42xcNbpAqakcM0ftUmFAAIBE81IqBJdS3lS6zs3bIpB9WED3YYXFPmHRfT8sgyrCP1x8uEUxLMzNWElFOYCV6mHWWwMzdPEKHlhLw7NWJqkHc4uIZphavDzA2JPzUDsBZziNae2S6owH8xPmX8G7zzgKEOPUoYHvGz1TBCxMkd3kwNVbU0gKHkx+iZILf77IofhrY1nYFnB\/lQPb79drWOyJVa\/DAvg9B\/rLB4cC+Nqgdz\/TvBbBnr6GBReqn\/nRmDgaQEej7WhonozjF+Y2I\/fZou\/qAAAAAElFTkSuQmCC); display:block; height:44px; margin:0 auto -44px; position:relative; top:-22px; width:44px;\"><\/div>\n<\/div>\n<p style=\" margin:8px 0 0 0; padding:0 4px;\"> <a href=\"https:\/\/instagram.com\/p\/x7uFTRkq3l\/\" style=\" color:#000; font-family:Arial,sans-serif; font-size:14px; font-style:normal; font-weight:normal; line-height:17px; text-decoration:none; word-wrap:break-word;\" target=\"_top\" rel=\"noopener\">Wanderlei Silva learning from the best, Demaurice Smith, NFLPA Executive Director. The most powerful sports union Leader in the most powerful sports union in the world. &#34;Thank you for all the support from the NFLPA, you are an example of how all people and all athletes should be treated, with respect and dignity. One day we will be there too. Thank you for the lesson!&#34; Recebemos hoje uma aula de como atletas devem ser tratados, Demaurice smit presidente do sindicato dos jogadores de futebol americano NFLPA o sindicato de sports mais forte do mundo,s\u00e3o realmente muito organizados,tive uma aula completa,nosso esporte se parece muito com a NFL de 1956 quando sindicato foi criado,pois n\u00e3o queriam lavar os uniformes dos atletas, hoje tudo mudou,est\u00e3o mais fortes q nunca por que se un\u00edram e mostraram q sem atleta n\u00e3o tem show!!! I AM A MAN!!!<\/a><\/p>\n<p style=\" color:#c9c8cd; font-family:Arial,sans-serif; font-size:14px; line-height:17px; margin-bottom:0; margin-top:8px; overflow:hidden; padding:8px 0 7px; text-align:center; text-overflow:ellipsis; white-space:nowrap;\">A photo posted by Wanderlei Silva (@wandfc) on <time style=\" font-family:Arial,sans-serif; font-size:14px; line-height:17px;\" datetime=\"2015-01-16T23:23:12+00:00\">Jan 16, 2015 at 3:23pm PST<\/time><\/p>\n<\/div>\n<\/blockquote>\n<p><script async defer src=\"\/\/platform.instagram.com\/en_US\/embeds.js\"><\/script><\/p>\n<blockquote class=\"instagram-media\" data-instgrm-captioned data-instgrm-version=\"4\" style=\" background:#FFF; border:0; border-radius:3px; box-shadow:0 0 1px 0 rgba(0,0,0,0.5),0 1px 10px 0 rgba(0,0,0,0.15); margin: 1px; max-width:658px; padding:0; width:99.375%; width:-webkit-calc(100% - 2px); width:calc(100% - 2px);\">\n<div style=\"padding:8px;\">\n<div style=\" background:#F8F8F8; line-height:0; margin-top:40px; padding:50% 0; text-align:center; width:100%;\">\n<div style=\" background:url(data:image\/png;base64,iVBORw0KGgoAAAANSUhEUgAAACwAAAAsCAMAAAApWqozAAAAGFBMVEUiIiI9PT0eHh4gIB4hIBkcHBwcHBwcHBydr+JQAAAACHRSTlMABA4YHyQsM5jtaMwAAADfSURBVDjL7ZVBEgMhCAQBAf\/\/42xcNbpAqakcM0ftUmFAAIBE81IqBJdS3lS6zs3bIpB9WED3YYXFPmHRfT8sgyrCP1x8uEUxLMzNWElFOYCV6mHWWwMzdPEKHlhLw7NWJqkHc4uIZphavDzA2JPzUDsBZziNae2S6owH8xPmX8G7zzgKEOPUoYHvGz1TBCxMkd3kwNVbU0gKHkx+iZILf77IofhrY1nYFnB\/lQPb79drWOyJVa\/DAvg9B\/rLB4cC+Nqgdz\/TvBbBnr6GBReqn\/nRmDgaQEej7WhonozjF+Y2I\/fZou\/qAAAAAElFTkSuQmCC); display:block; height:44px; margin:0 auto -44px; position:relative; top:-22px; width:44px;\"><\/div>\n<\/div>\n<p style=\" margin:8px 0 0 0; padding:0 4px;\"> <a href=\"https:\/\/instagram.com\/p\/x7xSrEkq80\/\" style=\" color:#000; font-family:Arial,sans-serif; font-size:14px; font-style:normal; font-weight:normal; line-height:17px; text-decoration:none; word-wrap:break-word;\" target=\"_top\" rel=\"noopener\">NFLPA Thanks for the suppor! Um grande dia pro nosso esporte! Estamos estudando pra trazer o melhor!!<\/a><\/p>\n<p style=\" color:#c9c8cd; font-family:Arial,sans-serif; font-size:14px; line-height:17px; margin-bottom:0; margin-top:8px; overflow:hidden; padding:8px 0 7px; text-align:center; text-overflow:ellipsis; white-space:nowrap;\">A photo posted by Wanderlei Silva (@wandfc) on <time style=\" font-family:Arial,sans-serif; font-size:14px; line-height:17px;\" datetime=\"2015-01-16T23:51:15+00:00\">Jan 16, 2015 at 3:51pm PST<\/time><\/p>\n<\/div>\n<\/blockquote>\n<p><script async defer src=\"\/\/platform.instagram.com\/en_US\/embeds.js\"><\/script><\/p>\n<blockquote class=\"instagram-media\" data-instgrm-captioned data-instgrm-version=\"4\" style=\" background:#FFF; border:0; border-radius:3px; box-shadow:0 0 1px 0 rgba(0,0,0,0.5),0 1px 10px 0 rgba(0,0,0,0.15); margin: 1px; max-width:658px; padding:0; width:99.375%; width:-webkit-calc(100% - 2px); width:calc(100% - 2px);\">\n<div style=\"padding:8px;\">\n<div style=\" background:#F8F8F8; line-height:0; margin-top:40px; padding:50% 0; text-align:center; width:100%;\">\n<div style=\" background:url(data:image\/png;base64,iVBORw0KGgoAAAANSUhEUgAAACwAAAAsCAMAAAApWqozAAAAGFBMVEUiIiI9PT0eHh4gIB4hIBkcHBwcHBwcHBydr+JQAAAACHRSTlMABA4YHyQsM5jtaMwAAADfSURBVDjL7ZVBEgMhCAQBAf\/\/42xcNbpAqakcM0ftUmFAAIBE81IqBJdS3lS6zs3bIpB9WED3YYXFPmHRfT8sgyrCP1x8uEUxLMzNWElFOYCV6mHWWwMzdPEKHlhLw7NWJqkHc4uIZphavDzA2JPzUDsBZziNae2S6owH8xPmX8G7zzgKEOPUoYHvGz1TBCxMkd3kwNVbU0gKHkx+iZILf77IofhrY1nYFnB\/lQPb79drWOyJVa\/DAvg9B\/rLB4cC+Nqgdz\/TvBbBnr6GBReqn\/nRmDgaQEej7WhonozjF+Y2I\/fZou\/qAAAAAElFTkSuQmCC); display:block; height:44px; margin:0 auto -44px; position:relative; top:-22px; width:44px;\"><\/div>\n<\/div>\n<p style=\" margin:8px 0 0 0; padding:0 4px;\"> <a href=\"https:\/\/instagram.com\/p\/x7yJHfEq-G\/\" style=\" color:#000; font-family:Arial,sans-serif; font-size:14px; font-style:normal; font-weight:normal; line-height:17px; text-decoration:none; word-wrap:break-word;\" target=\"_top\" rel=\"noopener\">Vc so consegue seus direitos quando trabalha em equipe,temos q nos unir,precisamos uns dos outros!!!<\/a><\/p>\n<p style=\" color:#c9c8cd; font-family:Arial,sans-serif; font-size:14px; line-height:17px; margin-bottom:0; margin-top:8px; overflow:hidden; padding:8px 0 7px; text-align:center; text-overflow:ellipsis; white-space:nowrap;\">A video posted by Wanderlei Silva (@wandfc) on <time style=\" font-family:Arial,sans-serif; font-size:14px; line-height:17px;\" datetime=\"2015-01-16T23:58:41+00:00\">Jan 16, 2015 at 3:58pm PST<\/time><\/p>\n<\/div>\n<\/blockquote>\n<p><script async defer src=\"\/\/platform.instagram.com\/en_US\/embeds.js\"><\/script><\/p>\n<blockquote class=\"twitter-tweet\" lang=\"en\">\n<p>Learning loads today. <a href=\"http:\/\/t.co\/4WvZxRbKaq\">pic.twitter.com\/4WvZxRbKaq<\/a><\/p>\n<p>&mdash; Jon Fitch (@jonfitchdotnet) <a href=\"https:\/\/twitter.com\/jonfitchdotnet\/status\/556207109813977089\">January 16, 2015<\/a><\/p><\/blockquote>\n<p> <script async src=\"\/\/platform.twitter.com\/widgets.js\" charset=\"utf-8\"><\/script><\/p>\n<blockquote class=\"twitter-tweet\" lang=\"en\">\n<p>Thank you for the hospitality <a href=\"https:\/\/twitter.com\/NFLPA\">@NFLPA<\/a> <a href=\"http:\/\/t.co\/rSJGk8EPit\">pic.twitter.com\/rSJGk8EPit<\/a><\/p>\n<p>&mdash; Nathan Quarry (@NateRockQuarry) <a href=\"https:\/\/twitter.com\/NateRockQuarry\/status\/556609665161646082\">January 18, 2015<\/a><\/p><\/blockquote>\n<p> <script async src=\"\/\/platform.twitter.com\/widgets.js\" charset=\"utf-8\"><\/script><\/p>\n","protected":false},"excerpt":{"rendered":"<p>At the end of last year, it was announced that Nate Quarry and Jon Fitch, among other fighters, would be filing a class-action lawsuit against the UFC. Since recieving his lifetime ban, Wanderlei Silva has been extremely out-spoken against the UFC, releasing several rant videos regarding how the UFC treats fighters. This weekend, Silva, Quarry, [&hellip;]<\/p>\n","protected":false},"author":2616,"featured_media":126226,"comment_status":"closed","ping_status":"closed","sticky":false,"template":"","format":"standard","meta":{"_mi_skip_tracking":false},"categories":[2681],"tags":[],"yoast_head":"<!-- This site is optimized with the Yoast SEO Premium plugin v19.7 (Yoast SEO v19.14) - https:\/\/yoast.com\/wordpress\/plugins\/seo\/ -->\n<title>GALLERY! Disgruntled UFC Vets Visit NFL Union | BJPenn.com<\/title>\n<meta name=\"robots\" content=\"index, follow, max-snippet:-1, max-image-preview:large, max-video-preview:-1\" \/>\n<link rel=\"canonical\" href=\"https:\/\/staging.tcpcharms.com\/bjpenn\/ufcnews\/wanderlei-silva-nate-quarry-jon-fitch-meet-nfl-players-association2\/\" \/>\n<meta property=\"og:locale\" content=\"en_US\" \/>\n<meta property=\"og:type\" content=\"article\" \/>\n<meta property=\"og:title\" content=\"GALLERY! Disgruntled UFC Vets Visit NFL Union | BJPenn.com\" \/>\n<meta property=\"og:description\" content=\"At the end of last year, it was announced that Nate Quarry and Jon Fitch, among other fighters, would be filing a class-action lawsuit against the UFC. Since recieving his lifetime ban, Wanderlei Silva has been extremely out-spoken against the UFC, releasing several rant videos regarding how the UFC treats fighters. This weekend, Silva, Quarry, [&hellip;]\" \/>\n<meta property=\"og:url\" content=\"https:\/\/staging.tcpcharms.com\/bjpenn\/ufcnews\/wanderlei-silva-nate-quarry-jon-fitch-meet-nfl-players-association2\/\" \/>\n<meta property=\"og:site_name\" content=\"| BJPenn.com\" \/>\n<meta property=\"article:publisher\" content=\"https:\/\/www.facebook.com\/bjpenn\" \/>\n<meta property=\"article:published_time\" content=\"2015-01-18T17:19:21+00:00\" \/>\n<meta property=\"article:modified_time\" content=\"2022-02-05T03:55:19+00:00\" \/>\n<meta property=\"og:image\" content=\"https:\/\/staging.tcpcharms.com\/bjpenn\/wp-content\/uploads\/2015\/01\/Screen-Shot-2015-01-18-at-11.17.03-AM.png\" \/>\n\t<meta property=\"og:image:width\" content=\"730\" \/>\n\t<meta property=\"og:image:height\" content=\"512\" \/>\n\t<meta property=\"og:image:type\" content=\"image\/png\" \/>\n<meta name=\"author\" content=\"BJPENN.COM News\" \/>\n<meta name=\"twitter:card\" content=\"summary_large_image\" \/>\n<meta name=\"twitter:creator\" content=\"@bjpenndotcom\" \/>\n<meta name=\"twitter:site\" content=\"@bjpenndotcom\" \/>\n<meta name=\"twitter:label1\" content=\"Written by\" \/>\n\t<meta name=\"twitter:data1\" content=\"BJPENN.COM News\" \/>\n\t<meta name=\"twitter:label2\" content=\"Est. reading time\" \/>\n\t<meta name=\"twitter:data2\" content=\"2 minutes\" \/>\n<script type=\"application\/ld+json\" class=\"yoast-schema-graph\">{\"@context\":\"https:\/\/schema.org\",\"@graph\":[{\"@type\":\"Article\",\"@id\":\"https:\/\/staging.tcpcharms.com\/bjpenn\/ufcnews\/wanderlei-silva-nate-quarry-jon-fitch-meet-nfl-players-association2\/#article\",\"isPartOf\":{\"@id\":\"https:\/\/staging.tcpcharms.com\/bjpenn\/ufcnews\/wanderlei-silva-nate-quarry-jon-fitch-meet-nfl-players-association2\/\"},\"author\":{\"name\":\"BJPENN.COM News\",\"@id\":\"https:\/\/staging.tcpcharms.com\/bjpenn\/#\/schema\/person\/c76eda1459929ee246658565d177d029\"},\"headline\":\"GALLERY! Disgruntled UFC Vets Visit NFL Union\",\"datePublished\":\"2015-01-18T17:19:21+00:00\",\"dateModified\":\"2022-02-05T03:55:19+00:00\",\"mainEntityOfPage\":{\"@id\":\"https:\/\/staging.tcpcharms.com\/bjpenn\/ufcnews\/wanderlei-silva-nate-quarry-jon-fitch-meet-nfl-players-association2\/\"},\"wordCount\":354,\"publisher\":{\"@id\":\"https:\/\/staging.tcpcharms.com\/bjpenn\/#organization\"},\"articleSection\":[\"UFC NEWS\"],\"inLanguage\":\"en-US\",\"copyrightYear\":\"2015\",\"copyrightHolder\":{\"@id\":\"https:\/\/staging.tcpcharms.com\/bjpenn\/#organization\"}},{\"@type\":\"WebPage\",\"@id\":\"https:\/\/staging.tcpcharms.com\/bjpenn\/ufcnews\/wanderlei-silva-nate-quarry-jon-fitch-meet-nfl-players-association2\/\",\"url\":\"https:\/\/staging.tcpcharms.com\/bjpenn\/ufcnews\/wanderlei-silva-nate-quarry-jon-fitch-meet-nfl-players-association2\/\",\"name\":\"GALLERY! Disgruntled UFC Vets Visit NFL Union | BJPenn.com\",\"isPartOf\":{\"@id\":\"https:\/\/staging.tcpcharms.com\/bjpenn\/#website\"},\"datePublished\":\"2015-01-18T17:19:21+00:00\",\"dateModified\":\"2022-02-05T03:55:19+00:00\",\"breadcrumb\":{\"@id\":\"https:\/\/staging.tcpcharms.com\/bjpenn\/ufcnews\/wanderlei-silva-nate-quarry-jon-fitch-meet-nfl-players-association2\/#breadcrumb\"},\"inLanguage\":\"en-US\",\"potentialAction\":[{\"@type\":\"ReadAction\",\"target\":[\"https:\/\/staging.tcpcharms.com\/bjpenn\/ufcnews\/wanderlei-silva-nate-quarry-jon-fitch-meet-nfl-players-association2\/\"]}]},{\"@type\":\"BreadcrumbList\",\"@id\":\"https:\/\/staging.tcpcharms.com\/bjpenn\/ufcnews\/wanderlei-silva-nate-quarry-jon-fitch-meet-nfl-players-association2\/#breadcrumb\",\"itemListElement\":[{\"@type\":\"ListItem\",\"position\":1,\"name\":\"Home\",\"item\":\"https:\/\/staging.tcpcharms.com\/bjpenn\/\"},{\"@type\":\"ListItem\",\"position\":2,\"name\":\"UFC NEWS\",\"item\":\"https:\/\/staging.tcpcharms.com\/bjpenn\/ufcnews\/\"},{\"@type\":\"ListItem\",\"position\":3,\"name\":\"GALLERY! Disgruntled UFC Vets Visit NFL Union\"}]},{\"@type\":\"WebSite\",\"@id\":\"https:\/\/staging.tcpcharms.com\/bjpenn\/#website\",\"url\":\"https:\/\/staging.tcpcharms.com\/bjpenn\/\",\"name\":\"| BJPenn.com\",\"description\":\"MMA &amp; UFC News, Results &amp; Fight Videos\",\"publisher\":{\"@id\":\"https:\/\/staging.tcpcharms.com\/bjpenn\/#organization\"},\"potentialAction\":[{\"@type\":\"SearchAction\",\"target\":{\"@type\":\"EntryPoint\",\"urlTemplate\":\"https:\/\/staging.tcpcharms.com\/bjpenn\/?s={search_term_string}\"},\"query-input\":\"required name=search_term_string\"}],\"inLanguage\":\"en-US\"},{\"@type\":\"Organization\",\"@id\":\"https:\/\/staging.tcpcharms.com\/bjpenn\/#organization\",\"name\":\"| BJPenn.com\",\"url\":\"https:\/\/staging.tcpcharms.com\/bjpenn\/\",\"logo\":{\"@type\":\"ImageObject\",\"inLanguage\":\"en-US\",\"@id\":\"https:\/\/staging.tcpcharms.com\/bjpenn\/#\/schema\/logo\/image\/\",\"url\":\"http:\/\/staging.tcpcharms.com\/bjpenn\/wp-content\/uploads\/2022\/01\/bj_penn_logo_amp.png\",\"contentUrl\":\"http:\/\/staging.tcpcharms.com\/bjpenn\/wp-content\/uploads\/2022\/01\/bj_penn_logo_amp.png\",\"width\":600,\"height\":148,\"caption\":\"| BJPenn.com\"},\"image\":{\"@id\":\"https:\/\/staging.tcpcharms.com\/bjpenn\/#\/schema\/logo\/image\/\"},\"sameAs\":[\"https:\/\/instagram.com\/bjpenn\",\"https:\/\/www.linkedin.com\/in\/bjpenn\",\"https:\/\/www.pinterest.com\/bjpenndotcom\/\",\"https:\/\/www.youtube.com\/user\/0fficialbjpenn\",\"https:\/\/www.facebook.com\/bjpenn\",\"https:\/\/twitter.com\/bjpenndotcom\"]},{\"@type\":\"Person\",\"@id\":\"https:\/\/staging.tcpcharms.com\/bjpenn\/#\/schema\/person\/c76eda1459929ee246658565d177d029\",\"name\":\"BJPENN.COM News\",\"sameAs\":[\"http:\/\/staging.tcpcharms.com\/bjpenn\"],\"url\":\"https:\/\/staging.tcpcharms.com\/bjpenn\/author\/bjpenn-com-news\/\"}]}<\/script>\n<!-- \/ Yoast SEO Premium plugin. -->","yoast_head_json":{"title":"GALLERY! Disgruntled UFC Vets Visit NFL Union | BJPenn.com","robots":{"index":"index","follow":"follow","max-snippet":"max-snippet:-1","max-image-preview":"max-image-preview:large","max-video-preview":"max-video-preview:-1"},"canonical":"https:\/\/staging.tcpcharms.com\/bjpenn\/ufcnews\/wanderlei-silva-nate-quarry-jon-fitch-meet-nfl-players-association2\/","og_locale":"en_US","og_type":"article","og_title":"GALLERY! Disgruntled UFC Vets Visit NFL Union | BJPenn.com","og_description":"At the end of last year, it was announced that Nate Quarry and Jon Fitch, among other fighters, would be filing a class-action lawsuit against the UFC. Since recieving his lifetime ban, Wanderlei Silva has been extremely out-spoken against the UFC, releasing several rant videos regarding how the UFC treats fighters. This weekend, Silva, Quarry, [&hellip;]","og_url":"https:\/\/staging.tcpcharms.com\/bjpenn\/ufcnews\/wanderlei-silva-nate-quarry-jon-fitch-meet-nfl-players-association2\/","og_site_name":"| BJPenn.com","article_publisher":"https:\/\/www.facebook.com\/bjpenn","article_published_time":"2015-01-18T17:19:21+00:00","article_modified_time":"2022-02-05T03:55:19+00:00","og_image":[{"width":730,"height":512,"url":"https:\/\/staging.tcpcharms.com\/bjpenn\/wp-content\/uploads\/2015\/01\/Screen-Shot-2015-01-18-at-11.17.03-AM.png","type":"image\/png"}],"author":"BJPENN.COM News","twitter_card":"summary_large_image","twitter_creator":"@bjpenndotcom","twitter_site":"@bjpenndotcom","twitter_misc":{"Written by":"BJPENN.COM News","Est. reading time":"2 minutes"},"schema":{"@context":"https:\/\/schema.org","@graph":[{"@type":"Article","@id":"https:\/\/staging.tcpcharms.com\/bjpenn\/ufcnews\/wanderlei-silva-nate-quarry-jon-fitch-meet-nfl-players-association2\/#article","isPartOf":{"@id":"https:\/\/staging.tcpcharms.com\/bjpenn\/ufcnews\/wanderlei-silva-nate-quarry-jon-fitch-meet-nfl-players-association2\/"},"author":{"name":"BJPENN.COM News","@id":"https:\/\/staging.tcpcharms.com\/bjpenn\/#\/schema\/person\/c76eda1459929ee246658565d177d029"},"headline":"GALLERY! Disgruntled UFC Vets Visit NFL Union","datePublished":"2015-01-18T17:19:21+00:00","dateModified":"2022-02-05T03:55:19+00:00","mainEntityOfPage":{"@id":"https:\/\/staging.tcpcharms.com\/bjpenn\/ufcnews\/wanderlei-silva-nate-quarry-jon-fitch-meet-nfl-players-association2\/"},"wordCount":354,"publisher":{"@id":"https:\/\/staging.tcpcharms.com\/bjpenn\/#organization"},"articleSection":["UFC NEWS"],"inLanguage":"en-US","copyrightYear":"2015","copyrightHolder":{"@id":"https:\/\/staging.tcpcharms.com\/bjpenn\/#organization"}},{"@type":"WebPage","@id":"https:\/\/staging.tcpcharms.com\/bjpenn\/ufcnews\/wanderlei-silva-nate-quarry-jon-fitch-meet-nfl-players-association2\/","url":"https:\/\/staging.tcpcharms.com\/bjpenn\/ufcnews\/wanderlei-silva-nate-quarry-jon-fitch-meet-nfl-players-association2\/","name":"GALLERY! Disgruntled UFC Vets Visit NFL Union | BJPenn.com","isPartOf":{"@id":"https:\/\/staging.tcpcharms.com\/bjpenn\/#website"},"datePublished":"2015-01-18T17:19:21+00:00","dateModified":"2022-02-05T03:55:19+00:00","breadcrumb":{"@id":"https:\/\/staging.tcpcharms.com\/bjpenn\/ufcnews\/wanderlei-silva-nate-quarry-jon-fitch-meet-nfl-players-association2\/#breadcrumb"},"inLanguage":"en-US","potentialAction":[{"@type":"ReadAction","target":["https:\/\/staging.tcpcharms.com\/bjpenn\/ufcnews\/wanderlei-silva-nate-quarry-jon-fitch-meet-nfl-players-association2\/"]}]},{"@type":"BreadcrumbList","@id":"https:\/\/staging.tcpcharms.com\/bjpenn\/ufcnews\/wanderlei-silva-nate-quarry-jon-fitch-meet-nfl-players-association2\/#breadcrumb","itemListElement":[{"@type":"ListItem","position":1,"name":"Home","item":"https:\/\/staging.tcpcharms.com\/bjpenn\/"},{"@type":"ListItem","position":2,"name":"UFC NEWS","item":"https:\/\/staging.tcpcharms.com\/bjpenn\/ufcnews\/"},{"@type":"ListItem","position":3,"name":"GALLERY! Disgruntled UFC Vets Visit NFL Union"}]},{"@type":"WebSite","@id":"https:\/\/staging.tcpcharms.com\/bjpenn\/#website","url":"https:\/\/staging.tcpcharms.com\/bjpenn\/","name":"| BJPenn.com","description":"MMA &amp; UFC News, Results &amp; Fight Videos","publisher":{"@id":"https:\/\/staging.tcpcharms.com\/bjpenn\/#organization"},"potentialAction":[{"@type":"SearchAction","target":{"@type":"EntryPoint","urlTemplate":"https:\/\/staging.tcpcharms.com\/bjpenn\/?s={search_term_string}"},"query-input":"required name=search_term_string"}],"inLanguage":"en-US"},{"@type":"Organization","@id":"https:\/\/staging.tcpcharms.com\/bjpenn\/#organization","name":"| BJPenn.com","url":"https:\/\/staging.tcpcharms.com\/bjpenn\/","logo":{"@type":"ImageObject","inLanguage":"en-US","@id":"https:\/\/staging.tcpcharms.com\/bjpenn\/#\/schema\/logo\/image\/","url":"http:\/\/staging.tcpcharms.com\/bjpenn\/wp-content\/uploads\/2022\/01\/bj_penn_logo_amp.png","contentUrl":"http:\/\/staging.tcpcharms.com\/bjpenn\/wp-content\/uploads\/2022\/01\/bj_penn_logo_amp.png","width":600,"height":148,"caption":"| BJPenn.com"},"image":{"@id":"https:\/\/staging.tcpcharms.com\/bjpenn\/#\/schema\/logo\/image\/"},"sameAs":["https:\/\/instagram.com\/bjpenn","https:\/\/www.linkedin.com\/in\/bjpenn","https:\/\/www.pinterest.com\/bjpenndotcom\/","https:\/\/www.youtube.com\/user\/0fficialbjpenn","https:\/\/www.facebook.com\/bjpenn","https:\/\/twitter.com\/bjpenndotcom"]},{"@type":"Person","@id":"https:\/\/staging.tcpcharms.com\/bjpenn\/#\/schema\/person\/c76eda1459929ee246658565d177d029","name":"BJPENN.COM News","sameAs":["http:\/\/staging.tcpcharms.com\/bjpenn"],"url":"https:\/\/staging.tcpcharms.com\/bjpenn\/author\/bjpenn-com-news\/"}]}},"amp_enabled":true,"_links":{"self":[{"href":"https:\/\/staging.tcpcharms.com\/bjpenn\/wp-json\/wp\/v2\/posts\/126224"}],"collection":[{"href":"https:\/\/staging.tcpcharms.com\/bjpenn\/wp-json\/wp\/v2\/posts"}],"about":[{"href":"https:\/\/staging.tcpcharms.com\/bjpenn\/wp-json\/wp\/v2\/types\/post"}],"author":[{"embeddable":true,"href":"https:\/\/staging.tcpcharms.com\/bjpenn\/wp-json\/wp\/v2\/users\/2616"}],"replies":[{"embeddable":true,"href":"https:\/\/staging.tcpcharms.com\/bjpenn\/wp-json\/wp\/v2\/comments?post=126224"}],"version-history":[{"count":0,"href":"https:\/\/staging.tcpcharms.com\/bjpenn\/wp-json\/wp\/v2\/posts\/126224\/revisions"}],"wp:featuredmedia":[{"embeddable":true,"href":"https:\/\/staging.tcpcharms.com\/bjpenn\/wp-json\/wp\/v2\/media\/126226"}],"wp:attachment":[{"href":"https:\/\/staging.tcpcharms.com\/bjpenn\/wp-json\/wp\/v2\/media?parent=126224"}],"wp:term":[{"taxonomy":"category","embeddable":true,"href":"https:\/\/staging.tcpcharms.com\/bjpenn\/wp-json\/wp\/v2\/categories?post=126224"},{"taxonomy":"post_tag","embeddable":true,"href":"https:\/\/staging.tcpcharms.com\/bjpenn\/wp-json\/wp\/v2\/tags?post=126224"}],"curies":[{"name":"wp","href":"https:\/\/api.w.org\/{rel}","templated":true}]}}