{"id":125935,"date":"2015-01-15T10:44:30","date_gmt":"2015-01-15T18:44:30","guid":{"rendered":"http:\/\/staging.tcpcharms.com\/bjpenn\/?p=125935"},"modified":"2022-02-04T19:56:18","modified_gmt":"2022-02-05T03:56:18","slug":"jds-undergoes-nose-knee-surgery","status":"publish","type":"post","link":"https:\/\/staging.tcpcharms.com\/bjpenn\/ufcnews\/jds-undergoes-nose-knee-surgery\/","title":{"rendered":"JDS Undergoes Nose and Knee Surgery"},"content":{"rendered":"<p><a href=\"http:\/\/staging.tcpcharms.com\/bjpenn\/jds-undergoes-nose-knee-surgery\/screen-shot-2015-01-15-at-8-42-26-am\/\" rel=\"attachment wp-att-125936\"><img decoding=\"async\" loading=\"lazy\" src=\"http:\/\/staging.tcpcharms.com\/bjpenn\/wp-content\/uploads\/2015\/01\/Screen-Shot-2015-01-15-at-8.42.26-AM.png\" alt=\"JDS SURGERY 2015\" width=\"484\" height=\"252\" class=\"alignnone size-full wp-image-125936\" srcset=\"https:\/\/staging.tcpcharms.com\/bjpenn\/wp-content\/uploads\/2015\/01\/Screen-Shot-2015-01-15-at-8.42.26-AM.png 484w, https:\/\/staging.tcpcharms.com\/bjpenn\/wp-content\/uploads\/2015\/01\/Screen-Shot-2015-01-15-at-8.42.26-AM-300x156.png 300w, https:\/\/staging.tcpcharms.com\/bjpenn\/wp-content\/uploads\/2015\/01\/Screen-Shot-2015-01-15-at-8.42.26-AM-390x203.png 390w\" sizes=\"(max-width: 484px) 100vw, 484px\" \/><\/a><\/p>\n<p>Former UFC heavyweight champion Junior dos Santos has been roughed up in has last couple of outings. <\/p>\n<p>Though victorious, Brazil&#8217;s former champ was in need of some body repairs. <\/p>\n<p>From Junior&#8217;s Instagram:<\/p>\n<p><em>&#8220;I would like to let you know that I just had a knee and nose surgery and that went very well,&#8221; dos Santos posted on his Instagram. &#8220;There are some people that a simple thank you doesn&#8217;t seem to be enough to show them how thankful you are for their help. But I still want to give a special thank to doctor Mois\u00e9s Cohen and his crew who one more time are taking care of me and doctor Sergio Miranda and his crew who did my nose surgery and his daughter Maria Vitoria. Thank you!&#8221;<br \/>\n<\/em><\/p>\n<blockquote class=\"instagram-media\" data-instgrm-captioned data-instgrm-version=\"4\" style=\" background:#FFF; border:0; border-radius:3px; box-shadow:0 0 1px 0 rgba(0,0,0,0.5),0 1px 10px 0 rgba(0,0,0,0.15); margin: 1px; max-width:658px; padding:0; width:99.375%; width:-webkit-calc(100% - 2px); width:calc(100% - 2px);\">\n<div style=\"padding:8px;\">\n<div style=\" background:#F8F8F8; line-height:0; margin-top:40px; padding:50% 0; text-align:center; width:100%;\">\n<div style=\" background:url(data:image\/png;base64,iVBORw0KGgoAAAANSUhEUgAAACwAAAAsCAMAAAApWqozAAAAGFBMVEUiIiI9PT0eHh4gIB4hIBkcHBwcHBwcHBydr+JQAAAACHRSTlMABA4YHyQsM5jtaMwAAADfSURBVDjL7ZVBEgMhCAQBAf\/\/42xcNbpAqakcM0ftUmFAAIBE81IqBJdS3lS6zs3bIpB9WED3YYXFPmHRfT8sgyrCP1x8uEUxLMzNWElFOYCV6mHWWwMzdPEKHlhLw7NWJqkHc4uIZphavDzA2JPzUDsBZziNae2S6owH8xPmX8G7zzgKEOPUoYHvGz1TBCxMkd3kwNVbU0gKHkx+iZILf77IofhrY1nYFnB\/lQPb79drWOyJVa\/DAvg9B\/rLB4cC+Nqgdz\/TvBbBnr6GBReqn\/nRmDgaQEej7WhonozjF+Y2I\/fZou\/qAAAAAElFTkSuQmCC); display:block; height:44px; margin:0 auto -44px; position:relative; top:-22px; width:44px;\"><\/div>\n<\/div>\n<p style=\" margin:8px 0 0 0; padding:0 4px;\"> <a href=\"https:\/\/instagram.com\/p\/x4Kv6sDRkj\/\" style=\" color:#000; font-family:Arial,sans-serif; font-size:14px; font-style:normal; font-weight:normal; line-height:17px; text-decoration:none; word-wrap:break-word;\" target=\"_top\" rel=\"noopener\">Bom dia pessoal! Acabei de sair da cirugia do joelho e nariz que tive que fazer e gra\u00e7as a Deus correu tudo bem. Existem pessoas que muitas vezes dizer muito obrigado, parece n\u00e3o ser o suficiente para demostrar sua gratid\u00e3o pela ajuda que lhe prestam, mas ainda assim \u00e9 o modo que podemos demostrar isso a eles. Ent\u00e3o um especial muito obrigado ao Dr. MOIS\u00c9S COHEN e toda sua equipe que mais uma vez est\u00e3o cuidado de mim e ao Dr. SERGIO MIRANDA e sua equipe que fizeram a cirugia do meu nariz, e sua filha MARIA VITORIA. #obrigado | | | | | Good morning guys! I would like to let you know that I just had a knee and nose surgery and that went very well. There are some people that a simple thank you doesn&#39;t seem to be enough to show them how thankful you are for their help. But I still want to give a special thank to doctor MOIS\u00c9S COHEN and his crew who one more time are taking care of me and doctor SERGIO MIRANDA and his crew who did my nose surgery and his daughter MARIA VITORIA. Thank you!<\/a><\/p>\n<p style=\" color:#c9c8cd; font-family:Arial,sans-serif; font-size:14px; line-height:17px; margin-bottom:0; margin-top:8px; overflow:hidden; padding:8px 0 7px; text-align:center; text-overflow:ellipsis; white-space:nowrap;\">Uma foto publicada por Junior Cigano Dos Santos (@junior_cigano) em <time style=\" font-family:Arial,sans-serif; font-size:14px; line-height:17px;\" datetime=\"2015-01-15T14:16:44+00:00\">Jan 15, 2015 at 6:16 PST<\/time><\/p>\n<\/div>\n<\/blockquote>\n<p><script async defer src=\"\/\/platform.instagram.com\/en_US\/embeds.js\"><\/script><\/p>\n","protected":false},"excerpt":{"rendered":"<p>Former UFC heavyweight champion Junior dos Santos has been roughed up in has last couple of outings. Though victorious, Brazil&#8217;s former champ was in need of some body repairs. From Junior&#8217;s Instagram: &#8220;I would like to let you know that I just had a knee and nose surgery and that went very well,&#8221; dos Santos [&hellip;]<\/p>\n","protected":false},"author":2616,"featured_media":125936,"comment_status":"closed","ping_status":"closed","sticky":false,"template":"","format":"standard","meta":{"_mi_skip_tracking":false},"categories":[2681],"tags":[],"yoast_head":"<!-- This site is optimized with the Yoast SEO Premium plugin v19.7 (Yoast SEO v19.14) - https:\/\/yoast.com\/wordpress\/plugins\/seo\/ -->\n<title>JDS Undergoes Nose and Knee Surgery | BJPenn.com<\/title>\n<meta name=\"description\" content=\"Former UFC heavyweight champion Junior dos Santos has been roughed up in has last couple of outings, and surgery was required. Full story on BJPENN.COM.\" \/>\n<meta name=\"robots\" content=\"index, follow, max-snippet:-1, max-image-preview:large, max-video-preview:-1\" \/>\n<link rel=\"canonical\" href=\"https:\/\/staging.tcpcharms.com\/bjpenn\/ufcnews\/jds-undergoes-nose-knee-surgery\/\" \/>\n<meta property=\"og:locale\" content=\"en_US\" \/>\n<meta property=\"og:type\" content=\"article\" \/>\n<meta property=\"og:title\" content=\"JDS Undergoes Nose and Knee Surgery | BJPenn.com\" \/>\n<meta property=\"og:description\" content=\"Former UFC heavyweight champion Junior dos Santos has been roughed up in has last couple of outings, and surgery was required. Full story on BJPENN.COM.\" \/>\n<meta property=\"og:url\" content=\"https:\/\/staging.tcpcharms.com\/bjpenn\/ufcnews\/jds-undergoes-nose-knee-surgery\/\" \/>\n<meta property=\"og:site_name\" content=\"| BJPenn.com\" \/>\n<meta property=\"article:publisher\" content=\"https:\/\/www.facebook.com\/bjpenn\" \/>\n<meta property=\"article:published_time\" content=\"2015-01-15T18:44:30+00:00\" \/>\n<meta property=\"article:modified_time\" content=\"2022-02-05T03:56:18+00:00\" \/>\n<meta property=\"og:image\" content=\"https:\/\/staging.tcpcharms.com\/bjpenn\/wp-content\/uploads\/2015\/01\/Screen-Shot-2015-01-15-at-8.42.26-AM.png\" \/>\n\t<meta property=\"og:image:width\" content=\"484\" \/>\n\t<meta property=\"og:image:height\" content=\"252\" \/>\n\t<meta property=\"og:image:type\" content=\"image\/png\" \/>\n<meta name=\"author\" content=\"BJPENN.COM News\" \/>\n<meta name=\"twitter:card\" content=\"summary_large_image\" \/>\n<meta name=\"twitter:creator\" content=\"@bjpenndotcom\" \/>\n<meta name=\"twitter:site\" content=\"@bjpenndotcom\" \/>\n<meta name=\"twitter:label1\" content=\"Written by\" \/>\n\t<meta name=\"twitter:data1\" content=\"BJPENN.COM News\" \/>\n\t<meta name=\"twitter:label2\" content=\"Est. reading time\" \/>\n\t<meta name=\"twitter:data2\" content=\"2 minutes\" \/>\n<script type=\"application\/ld+json\" class=\"yoast-schema-graph\">{\"@context\":\"https:\/\/schema.org\",\"@graph\":[{\"@type\":\"Article\",\"@id\":\"https:\/\/staging.tcpcharms.com\/bjpenn\/ufcnews\/jds-undergoes-nose-knee-surgery\/#article\",\"isPartOf\":{\"@id\":\"https:\/\/staging.tcpcharms.com\/bjpenn\/ufcnews\/jds-undergoes-nose-knee-surgery\/\"},\"author\":{\"name\":\"BJPENN.COM News\",\"@id\":\"https:\/\/staging.tcpcharms.com\/bjpenn\/#\/schema\/person\/c76eda1459929ee246658565d177d029\"},\"headline\":\"JDS Undergoes Nose and Knee Surgery\",\"datePublished\":\"2015-01-15T18:44:30+00:00\",\"dateModified\":\"2022-02-05T03:56:18+00:00\",\"mainEntityOfPage\":{\"@id\":\"https:\/\/staging.tcpcharms.com\/bjpenn\/ufcnews\/jds-undergoes-nose-knee-surgery\/\"},\"wordCount\":346,\"publisher\":{\"@id\":\"https:\/\/staging.tcpcharms.com\/bjpenn\/#organization\"},\"articleSection\":[\"UFC NEWS\"],\"inLanguage\":\"en-US\",\"copyrightYear\":\"2015\",\"copyrightHolder\":{\"@id\":\"https:\/\/staging.tcpcharms.com\/bjpenn\/#organization\"}},{\"@type\":\"WebPage\",\"@id\":\"https:\/\/staging.tcpcharms.com\/bjpenn\/ufcnews\/jds-undergoes-nose-knee-surgery\/\",\"url\":\"https:\/\/staging.tcpcharms.com\/bjpenn\/ufcnews\/jds-undergoes-nose-knee-surgery\/\",\"name\":\"JDS Undergoes Nose and Knee Surgery | BJPenn.com\",\"isPartOf\":{\"@id\":\"https:\/\/staging.tcpcharms.com\/bjpenn\/#website\"},\"datePublished\":\"2015-01-15T18:44:30+00:00\",\"dateModified\":\"2022-02-05T03:56:18+00:00\",\"description\":\"Former UFC heavyweight champion Junior dos Santos has been roughed up in has last couple of outings, and surgery was required. Full story on BJPENN.COM.\",\"breadcrumb\":{\"@id\":\"https:\/\/staging.tcpcharms.com\/bjpenn\/ufcnews\/jds-undergoes-nose-knee-surgery\/#breadcrumb\"},\"inLanguage\":\"en-US\",\"potentialAction\":[{\"@type\":\"ReadAction\",\"target\":[\"https:\/\/staging.tcpcharms.com\/bjpenn\/ufcnews\/jds-undergoes-nose-knee-surgery\/\"]}]},{\"@type\":\"BreadcrumbList\",\"@id\":\"https:\/\/staging.tcpcharms.com\/bjpenn\/ufcnews\/jds-undergoes-nose-knee-surgery\/#breadcrumb\",\"itemListElement\":[{\"@type\":\"ListItem\",\"position\":1,\"name\":\"Home\",\"item\":\"https:\/\/staging.tcpcharms.com\/bjpenn\/\"},{\"@type\":\"ListItem\",\"position\":2,\"name\":\"UFC NEWS\",\"item\":\"https:\/\/staging.tcpcharms.com\/bjpenn\/ufcnews\/\"},{\"@type\":\"ListItem\",\"position\":3,\"name\":\"JDS Undergoes Nose and Knee Surgery\"}]},{\"@type\":\"WebSite\",\"@id\":\"https:\/\/staging.tcpcharms.com\/bjpenn\/#website\",\"url\":\"https:\/\/staging.tcpcharms.com\/bjpenn\/\",\"name\":\"| BJPenn.com\",\"description\":\"MMA &amp; UFC News, Results &amp; Fight Videos\",\"publisher\":{\"@id\":\"https:\/\/staging.tcpcharms.com\/bjpenn\/#organization\"},\"potentialAction\":[{\"@type\":\"SearchAction\",\"target\":{\"@type\":\"EntryPoint\",\"urlTemplate\":\"https:\/\/staging.tcpcharms.com\/bjpenn\/?s={search_term_string}\"},\"query-input\":\"required name=search_term_string\"}],\"inLanguage\":\"en-US\"},{\"@type\":\"Organization\",\"@id\":\"https:\/\/staging.tcpcharms.com\/bjpenn\/#organization\",\"name\":\"| BJPenn.com\",\"url\":\"https:\/\/staging.tcpcharms.com\/bjpenn\/\",\"logo\":{\"@type\":\"ImageObject\",\"inLanguage\":\"en-US\",\"@id\":\"https:\/\/staging.tcpcharms.com\/bjpenn\/#\/schema\/logo\/image\/\",\"url\":\"http:\/\/staging.tcpcharms.com\/bjpenn\/wp-content\/uploads\/2022\/01\/bj_penn_logo_amp.png\",\"contentUrl\":\"http:\/\/staging.tcpcharms.com\/bjpenn\/wp-content\/uploads\/2022\/01\/bj_penn_logo_amp.png\",\"width\":600,\"height\":148,\"caption\":\"| BJPenn.com\"},\"image\":{\"@id\":\"https:\/\/staging.tcpcharms.com\/bjpenn\/#\/schema\/logo\/image\/\"},\"sameAs\":[\"https:\/\/instagram.com\/bjpenn\",\"https:\/\/www.linkedin.com\/in\/bjpenn\",\"https:\/\/www.pinterest.com\/bjpenndotcom\/\",\"https:\/\/www.youtube.com\/user\/0fficialbjpenn\",\"https:\/\/www.facebook.com\/bjpenn\",\"https:\/\/twitter.com\/bjpenndotcom\"]},{\"@type\":\"Person\",\"@id\":\"https:\/\/staging.tcpcharms.com\/bjpenn\/#\/schema\/person\/c76eda1459929ee246658565d177d029\",\"name\":\"BJPENN.COM News\",\"sameAs\":[\"http:\/\/staging.tcpcharms.com\/bjpenn\"],\"url\":\"https:\/\/staging.tcpcharms.com\/bjpenn\/author\/bjpenn-com-news\/\"}]}<\/script>\n<!-- \/ Yoast SEO Premium plugin. -->","yoast_head_json":{"title":"JDS Undergoes Nose and Knee Surgery | BJPenn.com","description":"Former UFC heavyweight champion Junior dos Santos has been roughed up in has last couple of outings, and surgery was required. Full story on BJPENN.COM.","robots":{"index":"index","follow":"follow","max-snippet":"max-snippet:-1","max-image-preview":"max-image-preview:large","max-video-preview":"max-video-preview:-1"},"canonical":"https:\/\/staging.tcpcharms.com\/bjpenn\/ufcnews\/jds-undergoes-nose-knee-surgery\/","og_locale":"en_US","og_type":"article","og_title":"JDS Undergoes Nose and Knee Surgery | BJPenn.com","og_description":"Former UFC heavyweight champion Junior dos Santos has been roughed up in has last couple of outings, and surgery was required. Full story on BJPENN.COM.","og_url":"https:\/\/staging.tcpcharms.com\/bjpenn\/ufcnews\/jds-undergoes-nose-knee-surgery\/","og_site_name":"| BJPenn.com","article_publisher":"https:\/\/www.facebook.com\/bjpenn","article_published_time":"2015-01-15T18:44:30+00:00","article_modified_time":"2022-02-05T03:56:18+00:00","og_image":[{"width":484,"height":252,"url":"https:\/\/staging.tcpcharms.com\/bjpenn\/wp-content\/uploads\/2015\/01\/Screen-Shot-2015-01-15-at-8.42.26-AM.png","type":"image\/png"}],"author":"BJPENN.COM News","twitter_card":"summary_large_image","twitter_creator":"@bjpenndotcom","twitter_site":"@bjpenndotcom","twitter_misc":{"Written by":"BJPENN.COM News","Est. reading time":"2 minutes"},"schema":{"@context":"https:\/\/schema.org","@graph":[{"@type":"Article","@id":"https:\/\/staging.tcpcharms.com\/bjpenn\/ufcnews\/jds-undergoes-nose-knee-surgery\/#article","isPartOf":{"@id":"https:\/\/staging.tcpcharms.com\/bjpenn\/ufcnews\/jds-undergoes-nose-knee-surgery\/"},"author":{"name":"BJPENN.COM News","@id":"https:\/\/staging.tcpcharms.com\/bjpenn\/#\/schema\/person\/c76eda1459929ee246658565d177d029"},"headline":"JDS Undergoes Nose and Knee Surgery","datePublished":"2015-01-15T18:44:30+00:00","dateModified":"2022-02-05T03:56:18+00:00","mainEntityOfPage":{"@id":"https:\/\/staging.tcpcharms.com\/bjpenn\/ufcnews\/jds-undergoes-nose-knee-surgery\/"},"wordCount":346,"publisher":{"@id":"https:\/\/staging.tcpcharms.com\/bjpenn\/#organization"},"articleSection":["UFC NEWS"],"inLanguage":"en-US","copyrightYear":"2015","copyrightHolder":{"@id":"https:\/\/staging.tcpcharms.com\/bjpenn\/#organization"}},{"@type":"WebPage","@id":"https:\/\/staging.tcpcharms.com\/bjpenn\/ufcnews\/jds-undergoes-nose-knee-surgery\/","url":"https:\/\/staging.tcpcharms.com\/bjpenn\/ufcnews\/jds-undergoes-nose-knee-surgery\/","name":"JDS Undergoes Nose and Knee Surgery | BJPenn.com","isPartOf":{"@id":"https:\/\/staging.tcpcharms.com\/bjpenn\/#website"},"datePublished":"2015-01-15T18:44:30+00:00","dateModified":"2022-02-05T03:56:18+00:00","description":"Former UFC heavyweight champion Junior dos Santos has been roughed up in has last couple of outings, and surgery was required. Full story on BJPENN.COM.","breadcrumb":{"@id":"https:\/\/staging.tcpcharms.com\/bjpenn\/ufcnews\/jds-undergoes-nose-knee-surgery\/#breadcrumb"},"inLanguage":"en-US","potentialAction":[{"@type":"ReadAction","target":["https:\/\/staging.tcpcharms.com\/bjpenn\/ufcnews\/jds-undergoes-nose-knee-surgery\/"]}]},{"@type":"BreadcrumbList","@id":"https:\/\/staging.tcpcharms.com\/bjpenn\/ufcnews\/jds-undergoes-nose-knee-surgery\/#breadcrumb","itemListElement":[{"@type":"ListItem","position":1,"name":"Home","item":"https:\/\/staging.tcpcharms.com\/bjpenn\/"},{"@type":"ListItem","position":2,"name":"UFC NEWS","item":"https:\/\/staging.tcpcharms.com\/bjpenn\/ufcnews\/"},{"@type":"ListItem","position":3,"name":"JDS Undergoes Nose and Knee Surgery"}]},{"@type":"WebSite","@id":"https:\/\/staging.tcpcharms.com\/bjpenn\/#website","url":"https:\/\/staging.tcpcharms.com\/bjpenn\/","name":"| BJPenn.com","description":"MMA &amp; UFC News, Results &amp; Fight Videos","publisher":{"@id":"https:\/\/staging.tcpcharms.com\/bjpenn\/#organization"},"potentialAction":[{"@type":"SearchAction","target":{"@type":"EntryPoint","urlTemplate":"https:\/\/staging.tcpcharms.com\/bjpenn\/?s={search_term_string}"},"query-input":"required name=search_term_string"}],"inLanguage":"en-US"},{"@type":"Organization","@id":"https:\/\/staging.tcpcharms.com\/bjpenn\/#organization","name":"| BJPenn.com","url":"https:\/\/staging.tcpcharms.com\/bjpenn\/","logo":{"@type":"ImageObject","inLanguage":"en-US","@id":"https:\/\/staging.tcpcharms.com\/bjpenn\/#\/schema\/logo\/image\/","url":"http:\/\/staging.tcpcharms.com\/bjpenn\/wp-content\/uploads\/2022\/01\/bj_penn_logo_amp.png","contentUrl":"http:\/\/staging.tcpcharms.com\/bjpenn\/wp-content\/uploads\/2022\/01\/bj_penn_logo_amp.png","width":600,"height":148,"caption":"| BJPenn.com"},"image":{"@id":"https:\/\/staging.tcpcharms.com\/bjpenn\/#\/schema\/logo\/image\/"},"sameAs":["https:\/\/instagram.com\/bjpenn","https:\/\/www.linkedin.com\/in\/bjpenn","https:\/\/www.pinterest.com\/bjpenndotcom\/","https:\/\/www.youtube.com\/user\/0fficialbjpenn","https:\/\/www.facebook.com\/bjpenn","https:\/\/twitter.com\/bjpenndotcom"]},{"@type":"Person","@id":"https:\/\/staging.tcpcharms.com\/bjpenn\/#\/schema\/person\/c76eda1459929ee246658565d177d029","name":"BJPENN.COM News","sameAs":["http:\/\/staging.tcpcharms.com\/bjpenn"],"url":"https:\/\/staging.tcpcharms.com\/bjpenn\/author\/bjpenn-com-news\/"}]}},"amp_enabled":true,"_links":{"self":[{"href":"https:\/\/staging.tcpcharms.com\/bjpenn\/wp-json\/wp\/v2\/posts\/125935"}],"collection":[{"href":"https:\/\/staging.tcpcharms.com\/bjpenn\/wp-json\/wp\/v2\/posts"}],"about":[{"href":"https:\/\/staging.tcpcharms.com\/bjpenn\/wp-json\/wp\/v2\/types\/post"}],"author":[{"embeddable":true,"href":"https:\/\/staging.tcpcharms.com\/bjpenn\/wp-json\/wp\/v2\/users\/2616"}],"replies":[{"embeddable":true,"href":"https:\/\/staging.tcpcharms.com\/bjpenn\/wp-json\/wp\/v2\/comments?post=125935"}],"version-history":[{"count":0,"href":"https:\/\/staging.tcpcharms.com\/bjpenn\/wp-json\/wp\/v2\/posts\/125935\/revisions"}],"wp:featuredmedia":[{"embeddable":true,"href":"https:\/\/staging.tcpcharms.com\/bjpenn\/wp-json\/wp\/v2\/media\/125936"}],"wp:attachment":[{"href":"https:\/\/staging.tcpcharms.com\/bjpenn\/wp-json\/wp\/v2\/media?parent=125935"}],"wp:term":[{"taxonomy":"category","embeddable":true,"href":"https:\/\/staging.tcpcharms.com\/bjpenn\/wp-json\/wp\/v2\/categories?post=125935"},{"taxonomy":"post_tag","embeddable":true,"href":"https:\/\/staging.tcpcharms.com\/bjpenn\/wp-json\/wp\/v2\/tags?post=125935"}],"curies":[{"name":"wp","href":"https:\/\/api.w.org\/{rel}","templated":true}]}}