{"id":124029,"date":"2014-12-29T05:03:22","date_gmt":"2014-12-29T13:03:22","guid":{"rendered":"http:\/\/backend.bjpenn.com\/?p=124029"},"modified":"2022-02-04T19:58:53","modified_gmt":"2022-02-05T03:58:53","slug":"one-year-later-anderson-silva-reflects-leg-injury","status":"publish","type":"post","link":"https:\/\/staging.tcpcharms.com\/bjpenn\/ufcnews\/one-year-later-anderson-silva-reflects-leg-injury\/","title":{"rendered":"One Year Later, Anderson Silva Reflects On Leg Injury"},"content":{"rendered":"<p><a href=\"http:\/\/backend.bjpenn.com\/wp-content\/uploads\/2014\/12\/Silva-leg-break.png\"><img decoding=\"async\" loading=\"lazy\" src=\"http:\/\/backend.bjpenn.com\/wp-content\/uploads\/2014\/12\/Silva-leg-break.png\" alt=\"Silva leg break\" width=\"550\" height=\"381\" class=\"alignnone size-full wp-image-124030\" srcset=\"https:\/\/staging.tcpcharms.com\/bjpenn\/wp-content\/uploads\/2014\/12\/Silva-leg-break.png 550w, https:\/\/staging.tcpcharms.com\/bjpenn\/wp-content\/uploads\/2014\/12\/Silva-leg-break-300x207.png 300w, https:\/\/staging.tcpcharms.com\/bjpenn\/wp-content\/uploads\/2014\/12\/Silva-leg-break-361x250.png 361w\" sizes=\"(max-width: 550px) 100vw, 550px\" \/><\/a><\/p>\n<p>It&#8217;s been a year since Anderson Silva horrifically broke his leg in his rematch with Chris Weidman, and the former champ reflects on his injury ahead of his return bout against Nick Diaz at the end of January.<\/p>\n<blockquote class=\"instagram-media\" data-instgrm-captioned data-instgrm-version=\"4\" style=\" background:#FFF; border:0; border-radius:3px; box-shadow:0 0 1px 0 rgba(0,0,0,0.5),0 1px 10px 0 rgba(0,0,0,0.15); margin: 1px; max-width:658px; padding:0; width:99.375%; width:-webkit-calc(100% - 2px); width:calc(100% - 2px);\">\n<div style=\"padding:8px;\">\n<div style=\" background:#F8F8F8; line-height:0; margin-top:40px; padding:50% 0; text-align:center; width:100%;\">\n<div style=\" background:url(data:image\/png;base64,iVBORw0KGgoAAAANSUhEUgAAACwAAAAsCAMAAAApWqozAAAAGFBMVEUiIiI9PT0eHh4gIB4hIBkcHBwcHBwcHBydr+JQAAAACHRSTlMABA4YHyQsM5jtaMwAAADfSURBVDjL7ZVBEgMhCAQBAf\/\/42xcNbpAqakcM0ftUmFAAIBE81IqBJdS3lS6zs3bIpB9WED3YYXFPmHRfT8sgyrCP1x8uEUxLMzNWElFOYCV6mHWWwMzdPEKHlhLw7NWJqkHc4uIZphavDzA2JPzUDsBZziNae2S6owH8xPmX8G7zzgKEOPUoYHvGz1TBCxMkd3kwNVbU0gKHkx+iZILf77IofhrY1nYFnB\/lQPb79drWOyJVa\/DAvg9B\/rLB4cC+Nqgdz\/TvBbBnr6GBReqn\/nRmDgaQEej7WhonozjF+Y2I\/fZou\/qAAAAAElFTkSuQmCC); display:block; height:44px; margin:0 auto -44px; position:relative; top:-22px; width:44px;\"><\/div>\n<\/div>\n<p style=\" margin:8px 0 0 0; padding:0 4px;\"> <a href=\"https:\/\/instagram.com\/p\/xKmvcNCMi8\/\" style=\" color:#000; font-family:Arial,sans-serif; font-size:14px; font-style:normal; font-weight:normal; line-height:17px; text-decoration:none; word-wrap:break-word;\" target=\"_top\" rel=\"noopener\">Galera, hoje faz um ano que sofri o acidente. Gostaria de agradecer a todos que estiveram do meu lado me dando for\u00e7as acredito,que &#8230; Erros s\u00e3o, no final das contas, fundamentos da verdade. Ao examinarmos os erros de um homem, conhecemos o seu car\u00e1ter. Com tudo que me aconteceu, aprendi que devemos ser gratos a Deus por n\u00e3o nos dar tudo que lhe pedimos, mas sim aquilo que precisamos para evoluir. Um Beijo no cora\u00e7ao de todos For\u00e7a e honra<\/a><\/p>\n<p style=\" color:#c9c8cd; font-family:Arial,sans-serif; font-size:14px; line-height:17px; margin-bottom:0; margin-top:8px; overflow:hidden; padding:8px 0 7px; text-align:center; text-overflow:ellipsis; white-space:nowrap;\">Uma foto publicada por Anderson Silva (@spiderandersonsilva) em <time style=\" font-family:Arial,sans-serif; font-size:14px; line-height:17px;\" datetime=\"2014-12-28T21:36:16+00:00\">Dez 12, 2014 at 1:36 PST<\/time><\/p>\n<\/div>\n<\/blockquote>\n<p><script async defer src=\"\/\/platform.instagram.com\/en_US\/embeds.js\"><\/script><\/p>\n<p>Translation via Google Translate:<\/p>\n<p>now a year since I had my accident. I would like to thank everyone who has been by my side giving me the strength I believe that &#8230;<br \/>\nMistakes are , after all , the true fundamentals.<br \/>\nAs we examine the mistakes of a man , know his character.<br \/>\nWith all that happened to me , I learned that we should be thankful to God does not give us everything we ask for , but what we need to evolve. A Kiss in the heart of all Strength and honor<\/p>\n","protected":false},"excerpt":{"rendered":"<p>It&#8217;s been a year since Anderson Silva horrifically broke his leg in his rematch with Chris Weidman, and the former champ reflects on his injury ahead of his return bout against Nick Diaz at the end of January. Galera, hoje faz um ano que sofri o acidente. Gostaria de agradecer a todos que estiveram do [&hellip;]<\/p>\n","protected":false},"author":2616,"featured_media":124030,"comment_status":"closed","ping_status":"closed","sticky":false,"template":"","format":"standard","meta":{"_mi_skip_tracking":false},"categories":[2681],"tags":[],"yoast_head":"<!-- This site is optimized with the Yoast SEO Premium plugin v19.7 (Yoast SEO v19.14) - https:\/\/yoast.com\/wordpress\/plugins\/seo\/ -->\n<title>One Year Later, Anderson Silva Reflects On Leg Injury | BJPenn.com<\/title>\n<meta name=\"robots\" content=\"index, follow, max-snippet:-1, max-image-preview:large, max-video-preview:-1\" \/>\n<link rel=\"canonical\" href=\"https:\/\/staging.tcpcharms.com\/bjpenn\/ufcnews\/one-year-later-anderson-silva-reflects-leg-injury\/\" \/>\n<meta property=\"og:locale\" content=\"en_US\" \/>\n<meta property=\"og:type\" content=\"article\" \/>\n<meta property=\"og:title\" content=\"One Year Later, Anderson Silva Reflects On Leg Injury | BJPenn.com\" \/>\n<meta property=\"og:description\" content=\"It&#8217;s been a year since Anderson Silva horrifically broke his leg in his rematch with Chris Weidman, and the former champ reflects on his injury ahead of his return bout against Nick Diaz at the end of January. Galera, hoje faz um ano que sofri o acidente. Gostaria de agradecer a todos que estiveram do [&hellip;]\" \/>\n<meta property=\"og:url\" content=\"https:\/\/staging.tcpcharms.com\/bjpenn\/ufcnews\/one-year-later-anderson-silva-reflects-leg-injury\/\" \/>\n<meta property=\"og:site_name\" content=\"| BJPenn.com\" \/>\n<meta property=\"article:publisher\" content=\"https:\/\/www.facebook.com\/bjpenn\" \/>\n<meta property=\"article:published_time\" content=\"2014-12-29T13:03:22+00:00\" \/>\n<meta property=\"article:modified_time\" content=\"2022-02-05T03:58:53+00:00\" \/>\n<meta property=\"og:image\" content=\"https:\/\/staging.tcpcharms.com\/bjpenn\/wp-content\/uploads\/2014\/12\/Silva-leg-break.png\" \/>\n\t<meta property=\"og:image:width\" content=\"550\" \/>\n\t<meta property=\"og:image:height\" content=\"381\" \/>\n\t<meta property=\"og:image:type\" content=\"image\/png\" \/>\n<meta name=\"author\" content=\"BJPENN.COM News\" \/>\n<meta name=\"twitter:card\" content=\"summary_large_image\" \/>\n<meta name=\"twitter:creator\" content=\"@bjpenndotcom\" \/>\n<meta name=\"twitter:site\" content=\"@bjpenndotcom\" \/>\n<meta name=\"twitter:label1\" content=\"Written by\" \/>\n\t<meta name=\"twitter:data1\" content=\"BJPENN.COM News\" \/>\n\t<meta name=\"twitter:label2\" content=\"Est. reading time\" \/>\n\t<meta name=\"twitter:data2\" content=\"1 minute\" \/>\n<script type=\"application\/ld+json\" class=\"yoast-schema-graph\">{\"@context\":\"https:\/\/schema.org\",\"@graph\":[{\"@type\":\"Article\",\"@id\":\"https:\/\/staging.tcpcharms.com\/bjpenn\/ufcnews\/one-year-later-anderson-silva-reflects-leg-injury\/#article\",\"isPartOf\":{\"@id\":\"https:\/\/staging.tcpcharms.com\/bjpenn\/ufcnews\/one-year-later-anderson-silva-reflects-leg-injury\/\"},\"author\":{\"name\":\"BJPENN.COM News\",\"@id\":\"https:\/\/staging.tcpcharms.com\/bjpenn\/#\/schema\/person\/c76eda1459929ee246658565d177d029\"},\"headline\":\"One Year Later, Anderson Silva Reflects On Leg Injury\",\"datePublished\":\"2014-12-29T13:03:22+00:00\",\"dateModified\":\"2022-02-05T03:58:53+00:00\",\"mainEntityOfPage\":{\"@id\":\"https:\/\/staging.tcpcharms.com\/bjpenn\/ufcnews\/one-year-later-anderson-silva-reflects-leg-injury\/\"},\"wordCount\":232,\"publisher\":{\"@id\":\"https:\/\/staging.tcpcharms.com\/bjpenn\/#organization\"},\"articleSection\":[\"UFC NEWS\"],\"inLanguage\":\"en-US\",\"copyrightYear\":\"2014\",\"copyrightHolder\":{\"@id\":\"https:\/\/staging.tcpcharms.com\/bjpenn\/#organization\"}},{\"@type\":\"WebPage\",\"@id\":\"https:\/\/staging.tcpcharms.com\/bjpenn\/ufcnews\/one-year-later-anderson-silva-reflects-leg-injury\/\",\"url\":\"https:\/\/staging.tcpcharms.com\/bjpenn\/ufcnews\/one-year-later-anderson-silva-reflects-leg-injury\/\",\"name\":\"One Year Later, Anderson Silva Reflects On Leg Injury | BJPenn.com\",\"isPartOf\":{\"@id\":\"https:\/\/staging.tcpcharms.com\/bjpenn\/#website\"},\"datePublished\":\"2014-12-29T13:03:22+00:00\",\"dateModified\":\"2022-02-05T03:58:53+00:00\",\"breadcrumb\":{\"@id\":\"https:\/\/staging.tcpcharms.com\/bjpenn\/ufcnews\/one-year-later-anderson-silva-reflects-leg-injury\/#breadcrumb\"},\"inLanguage\":\"en-US\",\"potentialAction\":[{\"@type\":\"ReadAction\",\"target\":[\"https:\/\/staging.tcpcharms.com\/bjpenn\/ufcnews\/one-year-later-anderson-silva-reflects-leg-injury\/\"]}]},{\"@type\":\"BreadcrumbList\",\"@id\":\"https:\/\/staging.tcpcharms.com\/bjpenn\/ufcnews\/one-year-later-anderson-silva-reflects-leg-injury\/#breadcrumb\",\"itemListElement\":[{\"@type\":\"ListItem\",\"position\":1,\"name\":\"Home\",\"item\":\"https:\/\/staging.tcpcharms.com\/bjpenn\/\"},{\"@type\":\"ListItem\",\"position\":2,\"name\":\"UFC NEWS\",\"item\":\"https:\/\/staging.tcpcharms.com\/bjpenn\/ufcnews\/\"},{\"@type\":\"ListItem\",\"position\":3,\"name\":\"One Year Later, Anderson Silva Reflects On Leg Injury\"}]},{\"@type\":\"WebSite\",\"@id\":\"https:\/\/staging.tcpcharms.com\/bjpenn\/#website\",\"url\":\"https:\/\/staging.tcpcharms.com\/bjpenn\/\",\"name\":\"| BJPenn.com\",\"description\":\"MMA &amp; UFC News, Results &amp; Fight Videos\",\"publisher\":{\"@id\":\"https:\/\/staging.tcpcharms.com\/bjpenn\/#organization\"},\"potentialAction\":[{\"@type\":\"SearchAction\",\"target\":{\"@type\":\"EntryPoint\",\"urlTemplate\":\"https:\/\/staging.tcpcharms.com\/bjpenn\/?s={search_term_string}\"},\"query-input\":\"required name=search_term_string\"}],\"inLanguage\":\"en-US\"},{\"@type\":\"Organization\",\"@id\":\"https:\/\/staging.tcpcharms.com\/bjpenn\/#organization\",\"name\":\"| BJPenn.com\",\"url\":\"https:\/\/staging.tcpcharms.com\/bjpenn\/\",\"logo\":{\"@type\":\"ImageObject\",\"inLanguage\":\"en-US\",\"@id\":\"https:\/\/staging.tcpcharms.com\/bjpenn\/#\/schema\/logo\/image\/\",\"url\":\"http:\/\/staging.tcpcharms.com\/bjpenn\/wp-content\/uploads\/2022\/01\/bj_penn_logo_amp.png\",\"contentUrl\":\"http:\/\/staging.tcpcharms.com\/bjpenn\/wp-content\/uploads\/2022\/01\/bj_penn_logo_amp.png\",\"width\":600,\"height\":148,\"caption\":\"| BJPenn.com\"},\"image\":{\"@id\":\"https:\/\/staging.tcpcharms.com\/bjpenn\/#\/schema\/logo\/image\/\"},\"sameAs\":[\"https:\/\/instagram.com\/bjpenn\",\"https:\/\/www.linkedin.com\/in\/bjpenn\",\"https:\/\/www.pinterest.com\/bjpenndotcom\/\",\"https:\/\/www.youtube.com\/user\/0fficialbjpenn\",\"https:\/\/www.facebook.com\/bjpenn\",\"https:\/\/twitter.com\/bjpenndotcom\"]},{\"@type\":\"Person\",\"@id\":\"https:\/\/staging.tcpcharms.com\/bjpenn\/#\/schema\/person\/c76eda1459929ee246658565d177d029\",\"name\":\"BJPENN.COM News\",\"sameAs\":[\"http:\/\/staging.tcpcharms.com\/bjpenn\"],\"url\":\"https:\/\/staging.tcpcharms.com\/bjpenn\/author\/bjpenn-com-news\/\"}]}<\/script>\n<!-- \/ Yoast SEO Premium plugin. -->","yoast_head_json":{"title":"One Year Later, Anderson Silva Reflects On Leg Injury | BJPenn.com","robots":{"index":"index","follow":"follow","max-snippet":"max-snippet:-1","max-image-preview":"max-image-preview:large","max-video-preview":"max-video-preview:-1"},"canonical":"https:\/\/staging.tcpcharms.com\/bjpenn\/ufcnews\/one-year-later-anderson-silva-reflects-leg-injury\/","og_locale":"en_US","og_type":"article","og_title":"One Year Later, Anderson Silva Reflects On Leg Injury | BJPenn.com","og_description":"It&#8217;s been a year since Anderson Silva horrifically broke his leg in his rematch with Chris Weidman, and the former champ reflects on his injury ahead of his return bout against Nick Diaz at the end of January. Galera, hoje faz um ano que sofri o acidente. Gostaria de agradecer a todos que estiveram do [&hellip;]","og_url":"https:\/\/staging.tcpcharms.com\/bjpenn\/ufcnews\/one-year-later-anderson-silva-reflects-leg-injury\/","og_site_name":"| BJPenn.com","article_publisher":"https:\/\/www.facebook.com\/bjpenn","article_published_time":"2014-12-29T13:03:22+00:00","article_modified_time":"2022-02-05T03:58:53+00:00","og_image":[{"width":550,"height":381,"url":"https:\/\/staging.tcpcharms.com\/bjpenn\/wp-content\/uploads\/2014\/12\/Silva-leg-break.png","type":"image\/png"}],"author":"BJPENN.COM News","twitter_card":"summary_large_image","twitter_creator":"@bjpenndotcom","twitter_site":"@bjpenndotcom","twitter_misc":{"Written by":"BJPENN.COM News","Est. reading time":"1 minute"},"schema":{"@context":"https:\/\/schema.org","@graph":[{"@type":"Article","@id":"https:\/\/staging.tcpcharms.com\/bjpenn\/ufcnews\/one-year-later-anderson-silva-reflects-leg-injury\/#article","isPartOf":{"@id":"https:\/\/staging.tcpcharms.com\/bjpenn\/ufcnews\/one-year-later-anderson-silva-reflects-leg-injury\/"},"author":{"name":"BJPENN.COM News","@id":"https:\/\/staging.tcpcharms.com\/bjpenn\/#\/schema\/person\/c76eda1459929ee246658565d177d029"},"headline":"One Year Later, Anderson Silva Reflects On Leg Injury","datePublished":"2014-12-29T13:03:22+00:00","dateModified":"2022-02-05T03:58:53+00:00","mainEntityOfPage":{"@id":"https:\/\/staging.tcpcharms.com\/bjpenn\/ufcnews\/one-year-later-anderson-silva-reflects-leg-injury\/"},"wordCount":232,"publisher":{"@id":"https:\/\/staging.tcpcharms.com\/bjpenn\/#organization"},"articleSection":["UFC NEWS"],"inLanguage":"en-US","copyrightYear":"2014","copyrightHolder":{"@id":"https:\/\/staging.tcpcharms.com\/bjpenn\/#organization"}},{"@type":"WebPage","@id":"https:\/\/staging.tcpcharms.com\/bjpenn\/ufcnews\/one-year-later-anderson-silva-reflects-leg-injury\/","url":"https:\/\/staging.tcpcharms.com\/bjpenn\/ufcnews\/one-year-later-anderson-silva-reflects-leg-injury\/","name":"One Year Later, Anderson Silva Reflects On Leg Injury | BJPenn.com","isPartOf":{"@id":"https:\/\/staging.tcpcharms.com\/bjpenn\/#website"},"datePublished":"2014-12-29T13:03:22+00:00","dateModified":"2022-02-05T03:58:53+00:00","breadcrumb":{"@id":"https:\/\/staging.tcpcharms.com\/bjpenn\/ufcnews\/one-year-later-anderson-silva-reflects-leg-injury\/#breadcrumb"},"inLanguage":"en-US","potentialAction":[{"@type":"ReadAction","target":["https:\/\/staging.tcpcharms.com\/bjpenn\/ufcnews\/one-year-later-anderson-silva-reflects-leg-injury\/"]}]},{"@type":"BreadcrumbList","@id":"https:\/\/staging.tcpcharms.com\/bjpenn\/ufcnews\/one-year-later-anderson-silva-reflects-leg-injury\/#breadcrumb","itemListElement":[{"@type":"ListItem","position":1,"name":"Home","item":"https:\/\/staging.tcpcharms.com\/bjpenn\/"},{"@type":"ListItem","position":2,"name":"UFC NEWS","item":"https:\/\/staging.tcpcharms.com\/bjpenn\/ufcnews\/"},{"@type":"ListItem","position":3,"name":"One Year Later, Anderson Silva Reflects On Leg Injury"}]},{"@type":"WebSite","@id":"https:\/\/staging.tcpcharms.com\/bjpenn\/#website","url":"https:\/\/staging.tcpcharms.com\/bjpenn\/","name":"| BJPenn.com","description":"MMA &amp; UFC News, Results &amp; Fight Videos","publisher":{"@id":"https:\/\/staging.tcpcharms.com\/bjpenn\/#organization"},"potentialAction":[{"@type":"SearchAction","target":{"@type":"EntryPoint","urlTemplate":"https:\/\/staging.tcpcharms.com\/bjpenn\/?s={search_term_string}"},"query-input":"required name=search_term_string"}],"inLanguage":"en-US"},{"@type":"Organization","@id":"https:\/\/staging.tcpcharms.com\/bjpenn\/#organization","name":"| BJPenn.com","url":"https:\/\/staging.tcpcharms.com\/bjpenn\/","logo":{"@type":"ImageObject","inLanguage":"en-US","@id":"https:\/\/staging.tcpcharms.com\/bjpenn\/#\/schema\/logo\/image\/","url":"http:\/\/staging.tcpcharms.com\/bjpenn\/wp-content\/uploads\/2022\/01\/bj_penn_logo_amp.png","contentUrl":"http:\/\/staging.tcpcharms.com\/bjpenn\/wp-content\/uploads\/2022\/01\/bj_penn_logo_amp.png","width":600,"height":148,"caption":"| BJPenn.com"},"image":{"@id":"https:\/\/staging.tcpcharms.com\/bjpenn\/#\/schema\/logo\/image\/"},"sameAs":["https:\/\/instagram.com\/bjpenn","https:\/\/www.linkedin.com\/in\/bjpenn","https:\/\/www.pinterest.com\/bjpenndotcom\/","https:\/\/www.youtube.com\/user\/0fficialbjpenn","https:\/\/www.facebook.com\/bjpenn","https:\/\/twitter.com\/bjpenndotcom"]},{"@type":"Person","@id":"https:\/\/staging.tcpcharms.com\/bjpenn\/#\/schema\/person\/c76eda1459929ee246658565d177d029","name":"BJPENN.COM News","sameAs":["http:\/\/staging.tcpcharms.com\/bjpenn"],"url":"https:\/\/staging.tcpcharms.com\/bjpenn\/author\/bjpenn-com-news\/"}]}},"amp_enabled":true,"_links":{"self":[{"href":"https:\/\/staging.tcpcharms.com\/bjpenn\/wp-json\/wp\/v2\/posts\/124029"}],"collection":[{"href":"https:\/\/staging.tcpcharms.com\/bjpenn\/wp-json\/wp\/v2\/posts"}],"about":[{"href":"https:\/\/staging.tcpcharms.com\/bjpenn\/wp-json\/wp\/v2\/types\/post"}],"author":[{"embeddable":true,"href":"https:\/\/staging.tcpcharms.com\/bjpenn\/wp-json\/wp\/v2\/users\/2616"}],"replies":[{"embeddable":true,"href":"https:\/\/staging.tcpcharms.com\/bjpenn\/wp-json\/wp\/v2\/comments?post=124029"}],"version-history":[{"count":0,"href":"https:\/\/staging.tcpcharms.com\/bjpenn\/wp-json\/wp\/v2\/posts\/124029\/revisions"}],"wp:featuredmedia":[{"embeddable":true,"href":"https:\/\/staging.tcpcharms.com\/bjpenn\/wp-json\/wp\/v2\/media\/124030"}],"wp:attachment":[{"href":"https:\/\/staging.tcpcharms.com\/bjpenn\/wp-json\/wp\/v2\/media?parent=124029"}],"wp:term":[{"taxonomy":"category","embeddable":true,"href":"https:\/\/staging.tcpcharms.com\/bjpenn\/wp-json\/wp\/v2\/categories?post=124029"},{"taxonomy":"post_tag","embeddable":true,"href":"https:\/\/staging.tcpcharms.com\/bjpenn\/wp-json\/wp\/v2\/tags?post=124029"}],"curies":[{"name":"wp","href":"https:\/\/api.w.org\/{rel}","templated":true}]}}